{"id":9413,"date":"2023-12-19T15:37:51","date_gmt":"2023-12-19T14:37:51","guid":{"rendered":"https:\/\/agora.xtec.cat\/ceipvistaalegre\/?p=9413"},"modified":"2023-12-19T15:37:51","modified_gmt":"2023-12-19T14:37:51","slug":"decoracio-de-nadal","status":"publish","type":"post","link":"https:\/\/agora.xtec.cat\/ceipvistaalegre\/portada\/decoracio-de-nadal\/","title":{"rendered":"Decoraci\u00f3 de Nadal"},"content":{"rendered":"<p>Aquest curs s&#8217;ha posat en marxa l&#8217;espai familiar &#8220;El fil verd&#8221;. Un espai en el que cada divendres, les fam\u00edlies assistents col\u00b7laboren amb activitats per a l&#8217;escola o tallers per a elles mateixes. Un moment de trobada, de conversa i de compartir moments m\u00e9s enll\u00e0 de l&#8217;\u00e0mbit educatiu.<\/p>\n<p>Durant aquestes \u00faltimes setmanes, a l&#8217;espai familiar s&#8217;ha estat preparant la decoraci\u00f3 de Nadal per a les activitats que es realitzaran a l&#8217;escola durant els propers dies. Totes les fam\u00edlies assistents han participat i han donat moltes idees per aconseguir aquest decorat tan bonic!<\/p>\n<p><a href=\"https:\/\/agora.xtec.cat\/ceipvistaalegre\/wp-content\/uploads\/usu1936\/2023\/12\/Decoracio-Nadal-scaled.jpg\"><img loading=\"lazy\" decoding=\"async\" class=\" wp-image-9414 aligncenter\" src=\"https:\/\/agora.xtec.cat\/ceipvistaalegre\/wp-content\/uploads\/usu1936\/2023\/12\/Decoracio-Nadal-1024x768.jpg\" alt=\"\" width=\"635\" height=\"476\" srcset=\"https:\/\/agora.xtec.cat\/ceipvistaalegre\/wp-content\/uploads\/usu1936\/2023\/12\/Decoracio-Nadal-1024x768.jpg 1024w, https:\/\/agora.xtec.cat\/ceipvistaalegre\/wp-content\/uploads\/usu1936\/2023\/12\/Decoracio-Nadal-300x225.jpg 300w, https:\/\/agora.xtec.cat\/ceipvistaalegre\/wp-content\/uploads\/usu1936\/2023\/12\/Decoracio-Nadal-768x576.jpg 768w, https:\/\/agora.xtec.cat\/ceipvistaalegre\/wp-content\/uploads\/usu1936\/2023\/12\/Decoracio-Nadal-1536x1152.jpg 1536w, https:\/\/agora.xtec.cat\/ceipvistaalegre\/wp-content\/uploads\/usu1936\/2023\/12\/Decoracio-Nadal-2048x1536.jpg 2048w, https:\/\/agora.xtec.cat\/ceipvistaalegre\/wp-content\/uploads\/usu1936\/2023\/12\/Decoracio-Nadal-200x150.jpg 200w\" sizes=\"auto, (max-width: 635px) 100vw, 635px\" \/><\/a><\/p>\n<h4 style=\"text-align: center;\"><strong>MOLTES GR\u00c0CIES, FIL VERD!<\/strong><\/h4>\n","protected":false},"excerpt":{"rendered":"<p>Aquest curs s&#8217;ha posat en marxa l&#8217;espai familiar &#8220;El fil verd&#8221;. Un espai en el que cada divendres, les fam\u00edlies assistents col\u00b7laboren amb activitats per a l&#8217;escola o tallers per a elles mateixes. Un moment de trobada, de conversa i de compartir moments m\u00e9s enll\u00e0&hellip;  <a href=\"https:\/\/agora.xtec.cat\/ceipvistaalegre\/portada\/decoracio-de-nadal\/\" title=\"Read Decoraci\u00f3 de Nadal\">Llegeix m\u00e9s\u00bb<\/a><\/p>\n","protected":false},"author":3,"featured_media":0,"comment_status":"open","ping_status":"closed","sticky":false,"template":"","format":"standard","meta":{"_bbp_topic_count":0,"_bbp_reply_count":0,"_bbp_total_topic_count":0,"_bbp_total_reply_count":0,"_bbp_voice_count":0,"_bbp_anonymous_reply_count":0,"_bbp_topic_count_hidden":0,"_bbp_reply_count_hidden":0,"_bbp_forum_subforum_count":0,"footnotes":""},"categories":[4],"tags":[],"class_list":["post-9413","post","type-post","status-publish","format-standard","hentry","category-portada"],"post_mailing_queue_ids":[],"_links":{"self":[{"href":"https:\/\/agora.xtec.cat\/ceipvistaalegre\/wp-json\/wp\/v2\/posts\/9413","targetHints":{"allow":["GET"]}}],"collection":[{"href":"https:\/\/agora.xtec.cat\/ceipvistaalegre\/wp-json\/wp\/v2\/posts"}],"about":[{"href":"https:\/\/agora.xtec.cat\/ceipvistaalegre\/wp-json\/wp\/v2\/types\/post"}],"author":[{"embeddable":true,"href":"https:\/\/agora.xtec.cat\/ceipvistaalegre\/wp-json\/wp\/v2\/users\/3"}],"replies":[{"embeddable":true,"href":"https:\/\/agora.xtec.cat\/ceipvistaalegre\/wp-json\/wp\/v2\/comments?post=9413"}],"version-history":[{"count":1,"href":"https:\/\/agora.xtec.cat\/ceipvistaalegre\/wp-json\/wp\/v2\/posts\/9413\/revisions"}],"predecessor-version":[{"id":9415,"href":"https:\/\/agora.xtec.cat\/ceipvistaalegre\/wp-json\/wp\/v2\/posts\/9413\/revisions\/9415"}],"wp:attachment":[{"href":"https:\/\/agora.xtec.cat\/ceipvistaalegre\/wp-json\/wp\/v2\/media?parent=9413"}],"wp:term":[{"taxonomy":"category","embeddable":true,"href":"https:\/\/agora.xtec.cat\/ceipvistaalegre\/wp-json\/wp\/v2\/categories?post=9413"},{"taxonomy":"post_tag","embeddable":true,"href":"https:\/\/agora.xtec.cat\/ceipvistaalegre\/wp-json\/wp\/v2\/tags?post=9413"}],"curies":[{"name":"wp","href":"https:\/\/api.w.org\/{rel}","templated":true}]}}