{"id":9390,"date":"2023-12-19T20:29:42","date_gmt":"2023-12-19T19:29:42","guid":{"rendered":"https:\/\/agora.xtec.cat\/ceipvistaalegre\/?p=9390"},"modified":"2023-12-19T20:29:42","modified_gmt":"2023-12-19T19:29:42","slug":"racons-de-nadal","status":"publish","type":"post","link":"https:\/\/agora.xtec.cat\/ceipvistaalegre\/infantil\/infantil-3-anys\/racons-de-nadal\/","title":{"rendered":"Racons de Nadal."},"content":{"rendered":"<p><a href=\"https:\/\/agora.xtec.cat\/ceipvistaalegre\/infantil\/infantil-3-anys\/racons-de-nadal\/attachment\/photo-output-1-3\/\" rel=\"attachment wp-att-9436\"><img loading=\"lazy\" decoding=\"async\" class=\"aligncenter size-full wp-image-9436\" src=\"https:\/\/agora.xtec.cat\/ceipvistaalegre\/wp-content\/uploads\/usu1936\/2023\/12\/photo-output-1-1.jpg\" alt=\"\" width=\"960\" height=\"960\" srcset=\"https:\/\/agora.xtec.cat\/ceipvistaalegre\/wp-content\/uploads\/usu1936\/2023\/12\/photo-output-1-1.jpg 960w, https:\/\/agora.xtec.cat\/ceipvistaalegre\/wp-content\/uploads\/usu1936\/2023\/12\/photo-output-1-1-300x300.jpg 300w, https:\/\/agora.xtec.cat\/ceipvistaalegre\/wp-content\/uploads\/usu1936\/2023\/12\/photo-output-1-1-150x150.jpg 150w, https:\/\/agora.xtec.cat\/ceipvistaalegre\/wp-content\/uploads\/usu1936\/2023\/12\/photo-output-1-1-768x768.jpg 768w\" sizes=\"auto, (max-width: 960px) 100vw, 960px\" \/><\/a><\/p>\n<p>Aquestes darreres setmanes hem estat treballant molt i tamb\u00e9 gaudint de l&#8217;arribada del Nadal a trav\u00e9s d&#8217;aquests racons: <em style=\"font-family: inherit; font-size: 1em;\">La ciutat al Nadal, d<\/em><em style=\"font-family: inherit; font-size: 1em;\">ecoraci\u00f3 d&#8217;avets, a<\/em><i style=\"font-family: inherit; font-size: 1em;\">quarel\u00b7les i esquitxos, f<\/i><em style=\"font-family: inherit; font-size: 1em;\">em una bona sopa de galets, c<\/em><em style=\"font-family: inherit; font-size: 1em;\">ada color al seu lloc, c<\/em><em style=\"font-family: inherit; font-size: 1em;\">om es diu&#8230;?, c<\/em><em style=\"font-family: inherit; font-size: 1em;\">reatiu, q<\/em><em style=\"font-family: inherit; font-size: 1em;\">uants n&#8217;hi ha?, b<\/em><em style=\"font-family: inherit; font-size: 1em;\">usca la parella&#8230;\u00a0<\/em><\/p>\n<p>&nbsp;<\/p>\n<p>&nbsp;<\/p>\n<p>&nbsp;<\/p>\n","protected":false},"excerpt":{"rendered":"<p><a href=\"https:\/\/agora.xtec.cat\/ceipvistaalegre\/infantil\/infantil-3-anys\/racons-de-nadal\/attachment\/photo-output-1-3\/\" rel=\"attachment wp-att-9436\"><\/a><br \/>\nAquestes darreres setmanes hem estat treballant molt i tamb\u00e9 gaudint de l&#8217;arribada del Nadal a trav\u00e9s d&#8217;aquests racons: La ciutat al Nadal, decoraci\u00f3 d&#8217;avets, aquarel\u00b7les i esquitxos, fem una bona sopa de galets, cada color al seu lloc, com es diu&#8230;?, creatiu,&hellip;  <a href=\"https:\/\/agora.xtec.cat\/ceipvistaalegre\/infantil\/infantil-3-anys\/racons-de-nadal\/\" title=\"Read Racons de Nadal.\">Llegeix m\u00e9s\u00bb<\/a><\/p>\n","protected":false},"author":4,"featured_media":0,"comment_status":"open","ping_status":"closed","sticky":false,"template":"","format":"standard","meta":{"_bbp_topic_count":0,"_bbp_reply_count":0,"_bbp_total_topic_count":0,"_bbp_total_reply_count":0,"_bbp_voice_count":0,"_bbp_anonymous_reply_count":0,"_bbp_topic_count_hidden":0,"_bbp_reply_count_hidden":0,"_bbp_forum_subforum_count":0,"footnotes":""},"categories":[3],"tags":[257,294,147],"class_list":["post-9390","post","type-post","status-publish","format-standard","hentry","category-infantil-3-anys","tag-nadal","tag-nadal-2023","tag-racons"],"post_mailing_queue_ids":[],"_links":{"self":[{"href":"https:\/\/agora.xtec.cat\/ceipvistaalegre\/wp-json\/wp\/v2\/posts\/9390","targetHints":{"allow":["GET"]}}],"collection":[{"href":"https:\/\/agora.xtec.cat\/ceipvistaalegre\/wp-json\/wp\/v2\/posts"}],"about":[{"href":"https:\/\/agora.xtec.cat\/ceipvistaalegre\/wp-json\/wp\/v2\/types\/post"}],"author":[{"embeddable":true,"href":"https:\/\/agora.xtec.cat\/ceipvistaalegre\/wp-json\/wp\/v2\/users\/4"}],"replies":[{"embeddable":true,"href":"https:\/\/agora.xtec.cat\/ceipvistaalegre\/wp-json\/wp\/v2\/comments?post=9390"}],"version-history":[{"count":4,"href":"https:\/\/agora.xtec.cat\/ceipvistaalegre\/wp-json\/wp\/v2\/posts\/9390\/revisions"}],"predecessor-version":[{"id":9438,"href":"https:\/\/agora.xtec.cat\/ceipvistaalegre\/wp-json\/wp\/v2\/posts\/9390\/revisions\/9438"}],"wp:attachment":[{"href":"https:\/\/agora.xtec.cat\/ceipvistaalegre\/wp-json\/wp\/v2\/media?parent=9390"}],"wp:term":[{"taxonomy":"category","embeddable":true,"href":"https:\/\/agora.xtec.cat\/ceipvistaalegre\/wp-json\/wp\/v2\/categories?post=9390"},{"taxonomy":"post_tag","embeddable":true,"href":"https:\/\/agora.xtec.cat\/ceipvistaalegre\/wp-json\/wp\/v2\/tags?post=9390"}],"curies":[{"name":"wp","href":"https:\/\/api.w.org\/{rel}","templated":true}]}}