{"id":9375,"date":"2023-12-14T11:54:13","date_gmt":"2023-12-14T10:54:13","guid":{"rendered":"https:\/\/agora.xtec.cat\/ceipvistaalegre\/?p=9375"},"modified":"2023-12-14T11:54:13","modified_gmt":"2023-12-14T10:54:13","slug":"junta-cueme","status":"publish","type":"post","link":"https:\/\/agora.xtec.cat\/ceipvistaalegre\/primaria\/5e\/junta-cueme\/","title":{"rendered":"Junta CUEME"},"content":{"rendered":"<p style=\"text-align: center;\">La Junta de la cooperativa d&#8217;aquest curs ja est\u00e0 constitu\u00efda<\/p>\n<p>La cooperativa COOPKIDS ja ha format la junta amb les votacions dels seus socis i s\u00f2cies. Despr\u00e9s de fer una campanya explicant perqu\u00e8 volien ser representants i assumir els c\u00e0rrecs de la junta, us presentem a les persones que han estat seleccionades.<\/p>\n<p>Despr\u00e9s, tots els socis i s\u00f2cies han signat els estatuts amb el funcionament i normes de la cooperativa.<\/p>\n<p><a href=\"https:\/\/agora.xtec.cat\/ceipvistaalegre\/wp-content\/uploads\/usu1936\/2023\/12\/Junta-cueme-scaled.jpg\"><br \/>\n<img loading=\"lazy\" decoding=\"async\" class=\"wp-image-9376 aligncenter\" src=\"https:\/\/agora.xtec.cat\/ceipvistaalegre\/wp-content\/uploads\/usu1936\/2023\/12\/Junta-cueme-1024x768.jpg\" alt=\"\" width=\"457\" height=\"343\" srcset=\"https:\/\/agora.xtec.cat\/ceipvistaalegre\/wp-content\/uploads\/usu1936\/2023\/12\/Junta-cueme-1024x768.jpg 1024w, https:\/\/agora.xtec.cat\/ceipvistaalegre\/wp-content\/uploads\/usu1936\/2023\/12\/Junta-cueme-300x225.jpg 300w, https:\/\/agora.xtec.cat\/ceipvistaalegre\/wp-content\/uploads\/usu1936\/2023\/12\/Junta-cueme-768x576.jpg 768w, https:\/\/agora.xtec.cat\/ceipvistaalegre\/wp-content\/uploads\/usu1936\/2023\/12\/Junta-cueme-1536x1152.jpg 1536w, https:\/\/agora.xtec.cat\/ceipvistaalegre\/wp-content\/uploads\/usu1936\/2023\/12\/Junta-cueme-2048x1536.jpg 2048w, https:\/\/agora.xtec.cat\/ceipvistaalegre\/wp-content\/uploads\/usu1936\/2023\/12\/Junta-cueme-200x150.jpg 200w\" sizes=\"auto, (max-width: 457px) 100vw, 457px\" \/><\/a><\/p>\n","protected":false},"excerpt":{"rendered":"<p>La Junta de la cooperativa d&#8217;aquest curs ja est\u00e0 constitu\u00efda<br \/>\nLa cooperativa COOPKIDS ja ha format la junta amb les votacions dels seus socis i s\u00f2cies. Despr\u00e9s de fer una campanya explicant perqu\u00e8 volien ser representants i assumir els c\u00e0rrecs de la junta, us presentem a&hellip;  <a href=\"https:\/\/agora.xtec.cat\/ceipvistaalegre\/primaria\/5e\/junta-cueme\/\" title=\"Read Junta CUEME\">Llegeix m\u00e9s\u00bb<\/a><\/p>\n","protected":false},"author":3,"featured_media":0,"comment_status":"open","ping_status":"closed","sticky":false,"template":"","format":"standard","meta":{"_bbp_topic_count":0,"_bbp_reply_count":0,"_bbp_total_topic_count":0,"_bbp_total_reply_count":0,"_bbp_voice_count":0,"_bbp_anonymous_reply_count":0,"_bbp_topic_count_hidden":0,"_bbp_reply_count_hidden":0,"_bbp_forum_subforum_count":0,"footnotes":""},"categories":[14],"tags":[],"class_list":["post-9375","post","type-post","status-publish","format-standard","hentry","category-5e"],"post_mailing_queue_ids":[],"_links":{"self":[{"href":"https:\/\/agora.xtec.cat\/ceipvistaalegre\/wp-json\/wp\/v2\/posts\/9375","targetHints":{"allow":["GET"]}}],"collection":[{"href":"https:\/\/agora.xtec.cat\/ceipvistaalegre\/wp-json\/wp\/v2\/posts"}],"about":[{"href":"https:\/\/agora.xtec.cat\/ceipvistaalegre\/wp-json\/wp\/v2\/types\/post"}],"author":[{"embeddable":true,"href":"https:\/\/agora.xtec.cat\/ceipvistaalegre\/wp-json\/wp\/v2\/users\/3"}],"replies":[{"embeddable":true,"href":"https:\/\/agora.xtec.cat\/ceipvistaalegre\/wp-json\/wp\/v2\/comments?post=9375"}],"version-history":[{"count":1,"href":"https:\/\/agora.xtec.cat\/ceipvistaalegre\/wp-json\/wp\/v2\/posts\/9375\/revisions"}],"predecessor-version":[{"id":9377,"href":"https:\/\/agora.xtec.cat\/ceipvistaalegre\/wp-json\/wp\/v2\/posts\/9375\/revisions\/9377"}],"wp:attachment":[{"href":"https:\/\/agora.xtec.cat\/ceipvistaalegre\/wp-json\/wp\/v2\/media?parent=9375"}],"wp:term":[{"taxonomy":"category","embeddable":true,"href":"https:\/\/agora.xtec.cat\/ceipvistaalegre\/wp-json\/wp\/v2\/categories?post=9375"},{"taxonomy":"post_tag","embeddable":true,"href":"https:\/\/agora.xtec.cat\/ceipvistaalegre\/wp-json\/wp\/v2\/tags?post=9375"}],"curies":[{"name":"wp","href":"https:\/\/api.w.org\/{rel}","templated":true}]}}