{"id":9354,"date":"2023-12-12T19:06:25","date_gmt":"2023-12-12T18:06:25","guid":{"rendered":"https:\/\/agora.xtec.cat\/ceipvistaalegre\/?p=9354"},"modified":"2023-12-12T19:06:25","modified_gmt":"2023-12-12T18:06:25","slug":"anem-a-buscar-el-tio","status":"publish","type":"post","link":"https:\/\/agora.xtec.cat\/ceipvistaalegre\/infantil\/infantil-3-anys\/anem-a-buscar-el-tio\/","title":{"rendered":"Anem a buscar el Ti\u00f3."},"content":{"rendered":"<p><a href=\"https:\/\/agora.xtec.cat\/ceipvistaalegre\/infantil\/infantil-3-anys\/anem-a-buscar-el-tio\/attachment\/photo-output-2-1-1-min\/\" rel=\"attachment wp-att-9355\"><img loading=\"lazy\" decoding=\"async\" class=\"aligncenter size-full wp-image-9355\" src=\"https:\/\/agora.xtec.cat\/ceipvistaalegre\/wp-content\/uploads\/usu1936\/2023\/12\/photo-output-2-1-1-min-scaled.jpg\" alt=\"\" width=\"2045\" height=\"2560\" srcset=\"https:\/\/agora.xtec.cat\/ceipvistaalegre\/wp-content\/uploads\/usu1936\/2023\/12\/photo-output-2-1-1-min-scaled.jpg 2045w, https:\/\/agora.xtec.cat\/ceipvistaalegre\/wp-content\/uploads\/usu1936\/2023\/12\/photo-output-2-1-1-min-240x300.jpg 240w, https:\/\/agora.xtec.cat\/ceipvistaalegre\/wp-content\/uploads\/usu1936\/2023\/12\/photo-output-2-1-1-min-818x1024.jpg 818w, https:\/\/agora.xtec.cat\/ceipvistaalegre\/wp-content\/uploads\/usu1936\/2023\/12\/photo-output-2-1-1-min-768x961.jpg 768w, https:\/\/agora.xtec.cat\/ceipvistaalegre\/wp-content\/uploads\/usu1936\/2023\/12\/photo-output-2-1-1-min-1227x1536.jpg 1227w, https:\/\/agora.xtec.cat\/ceipvistaalegre\/wp-content\/uploads\/usu1936\/2023\/12\/photo-output-2-1-1-min-1636x2048.jpg 1636w\" sizes=\"auto, (max-width: 2045px) 100vw, 2045px\" \/><\/a><\/p>\n<p>Aquest mat\u00ed, els infants d&#8217;Ed. Infantil 3 anys hem rebut una carta del Ti\u00f3. En ella ens explicava que baixant del Montseny se li havia fet fosc i s&#8217;havia perdut en un parc de Matar\u00f3. Despr\u00e9s de seguir les pistes que ens ha anat deixant per l&#8217;escola i pel barri, hem arribat al parc de les Marietes. Finalment l&#8217;hem trobat a sota un avet\u00a0 pelat de fred i mort de gana.<\/p>\n<p>Ha volgut jugar una mica amb nosaltres i al cap d&#8217;una estona l&#8217;hem portat cap a l&#8217;escola. Hem anat a les aules de les Flors i les Girafes per donar la bona not\u00edcia: &#8220;<em>El Ti\u00f3 ja ha arribat&#8221;.\u00a0<\/em><\/p>\n<p>Ara nom\u00e9s cal alimentar-lo b\u00e9, abrigar-lo amb una bona manta i estimar-lo molt perqu\u00e8 d&#8217;aqu\u00ed uns dies ens cagui molt i molt.<\/p>\n","protected":false},"excerpt":{"rendered":"<p><a href=\"https:\/\/agora.xtec.cat\/ceipvistaalegre\/infantil\/infantil-3-anys\/anem-a-buscar-el-tio\/attachment\/photo-output-2-1-1-min\/\" rel=\"attachment wp-att-9355\"><\/a><br \/>\nAquest mat\u00ed, els infants d&#8217;Ed. Infantil 3 anys hem rebut una carta del Ti\u00f3. En ella ens explicava que baixant del Montseny se li havia fet fosc i s&#8217;havia perdut en un parc de Matar\u00f3. Despr\u00e9s de seguir les pistes que ens&hellip;  <a href=\"https:\/\/agora.xtec.cat\/ceipvistaalegre\/infantil\/infantil-3-anys\/anem-a-buscar-el-tio\/\" title=\"Read Anem a buscar el Ti\u00f3.\">Llegeix m\u00e9s\u00bb<\/a><\/p>\n","protected":false},"author":4,"featured_media":0,"comment_status":"open","ping_status":"closed","sticky":false,"template":"","format":"standard","meta":{"_bbp_topic_count":0,"_bbp_reply_count":0,"_bbp_total_topic_count":0,"_bbp_total_reply_count":0,"_bbp_voice_count":0,"_bbp_anonymous_reply_count":0,"_bbp_topic_count_hidden":0,"_bbp_reply_count_hidden":0,"_bbp_forum_subforum_count":0,"footnotes":""},"categories":[3],"tags":[119,294,16,295],"class_list":["post-9354","post","type-post","status-publish","format-standard","hentry","category-infantil-3-anys","tag-festes","tag-nadal-2023","tag-sortides","tag-tio"],"post_mailing_queue_ids":[],"_links":{"self":[{"href":"https:\/\/agora.xtec.cat\/ceipvistaalegre\/wp-json\/wp\/v2\/posts\/9354","targetHints":{"allow":["GET"]}}],"collection":[{"href":"https:\/\/agora.xtec.cat\/ceipvistaalegre\/wp-json\/wp\/v2\/posts"}],"about":[{"href":"https:\/\/agora.xtec.cat\/ceipvistaalegre\/wp-json\/wp\/v2\/types\/post"}],"author":[{"embeddable":true,"href":"https:\/\/agora.xtec.cat\/ceipvistaalegre\/wp-json\/wp\/v2\/users\/4"}],"replies":[{"embeddable":true,"href":"https:\/\/agora.xtec.cat\/ceipvistaalegre\/wp-json\/wp\/v2\/comments?post=9354"}],"version-history":[{"count":3,"href":"https:\/\/agora.xtec.cat\/ceipvistaalegre\/wp-json\/wp\/v2\/posts\/9354\/revisions"}],"predecessor-version":[{"id":9358,"href":"https:\/\/agora.xtec.cat\/ceipvistaalegre\/wp-json\/wp\/v2\/posts\/9354\/revisions\/9358"}],"wp:attachment":[{"href":"https:\/\/agora.xtec.cat\/ceipvistaalegre\/wp-json\/wp\/v2\/media?parent=9354"}],"wp:term":[{"taxonomy":"category","embeddable":true,"href":"https:\/\/agora.xtec.cat\/ceipvistaalegre\/wp-json\/wp\/v2\/categories?post=9354"},{"taxonomy":"post_tag","embeddable":true,"href":"https:\/\/agora.xtec.cat\/ceipvistaalegre\/wp-json\/wp\/v2\/tags?post=9354"}],"curies":[{"name":"wp","href":"https:\/\/api.w.org\/{rel}","templated":true}]}}