{"id":9341,"date":"2023-12-07T13:15:01","date_gmt":"2023-12-07T12:15:01","guid":{"rendered":"https:\/\/agora.xtec.cat\/ceipvistaalegre\/?p=9341"},"modified":"2023-12-07T13:17:55","modified_gmt":"2023-12-07T12:17:55","slug":"racons-de-tardor","status":"publish","type":"post","link":"https:\/\/agora.xtec.cat\/ceipvistaalegre\/infantil\/infantil-3-anys\/racons-de-tardor\/","title":{"rendered":"Racons de Tardor."},"content":{"rendered":"<p><a href=\"https:\/\/agora.xtec.cat\/ceipvistaalegre\/infantil\/infantil-3-anys\/racons-de-tardor\/attachment\/photo-output-1-2\/\" rel=\"attachment wp-att-9343\"><img loading=\"lazy\" decoding=\"async\" class=\"aligncenter size-full wp-image-9343\" src=\"https:\/\/agora.xtec.cat\/ceipvistaalegre\/wp-content\/uploads\/usu1936\/2023\/12\/photo-output-1-scaled.jpg\" alt=\"\" width=\"2560\" height=\"2560\" srcset=\"https:\/\/agora.xtec.cat\/ceipvistaalegre\/wp-content\/uploads\/usu1936\/2023\/12\/photo-output-1-scaled.jpg 2560w, https:\/\/agora.xtec.cat\/ceipvistaalegre\/wp-content\/uploads\/usu1936\/2023\/12\/photo-output-1-300x300.jpg 300w, https:\/\/agora.xtec.cat\/ceipvistaalegre\/wp-content\/uploads\/usu1936\/2023\/12\/photo-output-1-1024x1024.jpg 1024w, https:\/\/agora.xtec.cat\/ceipvistaalegre\/wp-content\/uploads\/usu1936\/2023\/12\/photo-output-1-150x150.jpg 150w, https:\/\/agora.xtec.cat\/ceipvistaalegre\/wp-content\/uploads\/usu1936\/2023\/12\/photo-output-1-768x768.jpg 768w, https:\/\/agora.xtec.cat\/ceipvistaalegre\/wp-content\/uploads\/usu1936\/2023\/12\/photo-output-1-1536x1536.jpg 1536w, https:\/\/agora.xtec.cat\/ceipvistaalegre\/wp-content\/uploads\/usu1936\/2023\/12\/photo-output-1-2048x2048.jpg 2048w\" sizes=\"auto, (max-width: 2560px) 100vw, 2560px\" \/><\/a><\/p>\n<p>Al llarg d&#8217;aquestes setmanes hem comen\u00e7at a treballar per racons. Concretament el treball per racons \u00e9s una estrat\u00e8gia organitzativa que permet donar resposta a la diversitat d&#8217;interessos, de capacitats i de ritmes d&#8217;aprenentatge de l&#8217;infant.<\/p>\n<p>Permet flexibilitat en el treball dels nens i nenes;\u00a0 a partir de les propostes d&#8217;activitats: aprenen a observar, explorar, manipular, experimentar, descobrir, crear&#8230; Dona als alumnes la possibilitat de refer el treball tantes vegades com ho necessiti, at\u00e8s que els materials s\u00f3n manipulables. Com a conseq\u00fc\u00e8ncia ajuda a perdre la por a equivocar-se i a millorar la seva autoestima.<\/p>\n<p>Afavoreix l&#8217;autonomia dels alumnes: els nens i nenes aprenen a organitzar-se, a planificar-se la feina, a saber qu\u00e8 volen fer. L&#8217;infant participa activament en la construcci\u00f3 del seu aprenentatge i jo com a mestra el puc ajudar individualment en el seu progr\u00e9s.<\/p>\n<p>Els racons que hem estat fent s\u00f3n:<\/p>\n<ul>\n<li><em>Rac\u00f3 de llenguatge: &#8220;Memori del vocabulari de la tardor&#8221;. <\/em>Con\u00e8ixer com es diuen els diferents elements de la tardor que vam trobar al bosc. Familiaritzar-se amb el so dels fonemes de les diferents paraules.<\/li>\n<li><em>Rac\u00f3 de l\u00f2gica:\u00a0<\/em><em>&#8220;Fem camins amb elements naturals&#8221;. <\/em>Identificar patrons de repetici\u00f3. Igualar s\u00e8ries amb dues variables. Elaborar s\u00e8ries a partir d&#8217;un model inicial.<\/li>\n<li><em>Rac\u00f3 creatiu: &#8220;Elaborar mandales&#8221;. <\/em>Iniciar-se en la construcci\u00f3 de mandales amb elements de la tardor. Intentar seguir un patr\u00f3 circular.<\/li>\n<li><em>Rac\u00f3 sensorial: &#8220;La mandarina&#8221;. <\/em>Experimentar, observar, manipular a trav\u00e9s de tots els sentits amb la farina de mandarina. Fer transvasaments.<\/li>\n<li><em>Rac\u00f3 mini m\u00f3n<\/em>: &#8220;<em>El bosc a la tardor<\/em>&#8220;. \u00c9s una proposta de joc simb\u00f2lic oberta i lliure formada per peces soltes\u00a0 i construccions on l&#8217;infant crea escenaris i escenes amb la seva imaginaci\u00f3. La nostra proposta recreava un bosc amb els elements naturals, animals i peces de construcci\u00f3.<\/li>\n<\/ul>\n","protected":false},"excerpt":{"rendered":"<p><a href=\"https:\/\/agora.xtec.cat\/ceipvistaalegre\/infantil\/infantil-3-anys\/racons-de-tardor\/attachment\/photo-output-1-2\/\" rel=\"attachment wp-att-9343\"><\/a><br \/>\nAl llarg d&#8217;aquestes setmanes hem comen\u00e7at a treballar per racons. Concretament el treball per racons \u00e9s una estrat\u00e8gia organitzativa que permet donar resposta a la diversitat d&#8217;interessos, de capacitats i de ritmes d&#8217;aprenentatge de l&#8217;infant.<br \/>\nPermet flexibilitat en el treball dels nens i&hellip;  <a href=\"https:\/\/agora.xtec.cat\/ceipvistaalegre\/infantil\/infantil-3-anys\/racons-de-tardor\/\" title=\"Read Racons de Tardor.\">Llegeix m\u00e9s\u00bb<\/a><\/p>\n","protected":false},"author":4,"featured_media":0,"comment_status":"open","ping_status":"closed","sticky":false,"template":"","format":"standard","meta":{"_bbp_topic_count":0,"_bbp_reply_count":0,"_bbp_total_topic_count":0,"_bbp_total_reply_count":0,"_bbp_voice_count":0,"_bbp_anonymous_reply_count":0,"_bbp_topic_count_hidden":0,"_bbp_reply_count_hidden":0,"_bbp_forum_subforum_count":0,"footnotes":""},"categories":[3],"tags":[262,272,210,293,147,203,194,292,93],"class_list":["post-9341","post","type-post","status-publish","format-standard","hentry","category-infantil-3-anys","tag-creatiu","tag-experimentacio","tag-joc-simbolic","tag-manipulacio","tag-racons","tag-racons-llenguatge","tag-racons-matematics","tag-sensorial","tag-tardor"],"post_mailing_queue_ids":[],"_links":{"self":[{"href":"https:\/\/agora.xtec.cat\/ceipvistaalegre\/wp-json\/wp\/v2\/posts\/9341","targetHints":{"allow":["GET"]}}],"collection":[{"href":"https:\/\/agora.xtec.cat\/ceipvistaalegre\/wp-json\/wp\/v2\/posts"}],"about":[{"href":"https:\/\/agora.xtec.cat\/ceipvistaalegre\/wp-json\/wp\/v2\/types\/post"}],"author":[{"embeddable":true,"href":"https:\/\/agora.xtec.cat\/ceipvistaalegre\/wp-json\/wp\/v2\/users\/4"}],"replies":[{"embeddable":true,"href":"https:\/\/agora.xtec.cat\/ceipvistaalegre\/wp-json\/wp\/v2\/comments?post=9341"}],"version-history":[{"count":4,"href":"https:\/\/agora.xtec.cat\/ceipvistaalegre\/wp-json\/wp\/v2\/posts\/9341\/revisions"}],"predecessor-version":[{"id":9348,"href":"https:\/\/agora.xtec.cat\/ceipvistaalegre\/wp-json\/wp\/v2\/posts\/9341\/revisions\/9348"}],"wp:attachment":[{"href":"https:\/\/agora.xtec.cat\/ceipvistaalegre\/wp-json\/wp\/v2\/media?parent=9341"}],"wp:term":[{"taxonomy":"category","embeddable":true,"href":"https:\/\/agora.xtec.cat\/ceipvistaalegre\/wp-json\/wp\/v2\/categories?post=9341"},{"taxonomy":"post_tag","embeddable":true,"href":"https:\/\/agora.xtec.cat\/ceipvistaalegre\/wp-json\/wp\/v2\/tags?post=9341"}],"curies":[{"name":"wp","href":"https:\/\/api.w.org\/{rel}","templated":true}]}}