{"id":9303,"date":"2023-11-22T18:32:33","date_gmt":"2023-11-22T17:32:33","guid":{"rendered":"https:\/\/agora.xtec.cat\/ceipvistaalegre\/?p=9303"},"modified":"2023-11-22T18:32:33","modified_gmt":"2023-11-22T17:32:33","slug":"sortida-mataro","status":"publish","type":"post","link":"https:\/\/agora.xtec.cat\/ceipvistaalegre\/primaria\/6e\/sortida-mataro\/","title":{"rendered":"Sortida Matar\u00f3"},"content":{"rendered":"<p>Avui hem anat a l&#8217;Espai Matar\u00f3 Connecta per realitzar un taller de sensibilitzaci\u00f3 als nens, per tal de recollir les opinions i la seva mirada sota el lema &#8220;Decidim avui la ciutat de dem\u00e0&#8221;.<\/p>\n<p>En aquest taller s&#8217;ha reflexionat al voltant de tres eixos relacionats amb les tem\u00e0tiques prioritzades des de l&#8217;Agenda Urbana Matar\u00f3 2030&#8243;: Matar\u00f3 com a ciutat saludable; com a ciutat inclusiva, i com a ciutat resilient amb el canvi clim\u00e0tic.<\/p>\n<p>Ha estat un taller molt interessant, engrescador i motivador pels nens i nenes.<\/p>\n<p><img loading=\"lazy\" decoding=\"async\" class=\"alignnone  wp-image-9304\" src=\"https:\/\/agora.xtec.cat\/ceipvistaalegre\/wp-content\/uploads\/usu1936\/2023\/11\/WhatsApp-Image-2023-11-22-at-18.29.14-1024x768.jpeg\" alt=\"\" width=\"284\" height=\"213\" srcset=\"https:\/\/agora.xtec.cat\/ceipvistaalegre\/wp-content\/uploads\/usu1936\/2023\/11\/WhatsApp-Image-2023-11-22-at-18.29.14-1024x768.jpeg 1024w, https:\/\/agora.xtec.cat\/ceipvistaalegre\/wp-content\/uploads\/usu1936\/2023\/11\/WhatsApp-Image-2023-11-22-at-18.29.14-300x225.jpeg 300w, https:\/\/agora.xtec.cat\/ceipvistaalegre\/wp-content\/uploads\/usu1936\/2023\/11\/WhatsApp-Image-2023-11-22-at-18.29.14-768x576.jpeg 768w, https:\/\/agora.xtec.cat\/ceipvistaalegre\/wp-content\/uploads\/usu1936\/2023\/11\/WhatsApp-Image-2023-11-22-at-18.29.14-1536x1152.jpeg 1536w, https:\/\/agora.xtec.cat\/ceipvistaalegre\/wp-content\/uploads\/usu1936\/2023\/11\/WhatsApp-Image-2023-11-22-at-18.29.14-200x150.jpeg 200w, https:\/\/agora.xtec.cat\/ceipvistaalegre\/wp-content\/uploads\/usu1936\/2023\/11\/WhatsApp-Image-2023-11-22-at-18.29.14.jpeg 2048w\" sizes=\"auto, (max-width: 284px) 100vw, 284px\" \/>\u00a0 <img loading=\"lazy\" decoding=\"async\" class=\"alignnone  wp-image-9305\" src=\"https:\/\/agora.xtec.cat\/ceipvistaalegre\/wp-content\/uploads\/usu1936\/2023\/11\/WhatsApp-Image-2023-11-22-at-18.29.47-1024x768.jpeg\" alt=\"\" width=\"286\" height=\"214\" srcset=\"https:\/\/agora.xtec.cat\/ceipvistaalegre\/wp-content\/uploads\/usu1936\/2023\/11\/WhatsApp-Image-2023-11-22-at-18.29.47-1024x768.jpeg 1024w, https:\/\/agora.xtec.cat\/ceipvistaalegre\/wp-content\/uploads\/usu1936\/2023\/11\/WhatsApp-Image-2023-11-22-at-18.29.47-300x225.jpeg 300w, https:\/\/agora.xtec.cat\/ceipvistaalegre\/wp-content\/uploads\/usu1936\/2023\/11\/WhatsApp-Image-2023-11-22-at-18.29.47-768x576.jpeg 768w, https:\/\/agora.xtec.cat\/ceipvistaalegre\/wp-content\/uploads\/usu1936\/2023\/11\/WhatsApp-Image-2023-11-22-at-18.29.47-1536x1152.jpeg 1536w, https:\/\/agora.xtec.cat\/ceipvistaalegre\/wp-content\/uploads\/usu1936\/2023\/11\/WhatsApp-Image-2023-11-22-at-18.29.47-200x150.jpeg 200w, https:\/\/agora.xtec.cat\/ceipvistaalegre\/wp-content\/uploads\/usu1936\/2023\/11\/WhatsApp-Image-2023-11-22-at-18.29.47.jpeg 2048w\" sizes=\"auto, (max-width: 286px) 100vw, 286px\" \/><\/p>\n","protected":false},"excerpt":{"rendered":"<p>Avui hem anat a l&#8217;Espai Matar\u00f3 Connecta per realitzar un taller de sensibilitzaci\u00f3 als nens, per tal de recollir les opinions i la seva mirada sota el lema &#8220;Decidim avui la ciutat de dem\u00e0&#8221;.<br \/>\nEn aquest taller s&#8217;ha reflexionat al voltant de tres eixos relacionats amb&hellip;  <a href=\"https:\/\/agora.xtec.cat\/ceipvistaalegre\/primaria\/6e\/sortida-mataro\/\" title=\"Read Sortida Matar\u00f3\">Llegeix m\u00e9s\u00bb<\/a><\/p>\n","protected":false},"author":18,"featured_media":0,"comment_status":"open","ping_status":"closed","sticky":false,"template":"","format":"standard","meta":{"_bbp_topic_count":0,"_bbp_reply_count":0,"_bbp_total_topic_count":0,"_bbp_total_reply_count":0,"_bbp_voice_count":0,"_bbp_anonymous_reply_count":0,"_bbp_topic_count_hidden":0,"_bbp_reply_count_hidden":0,"_bbp_forum_subforum_count":0,"footnotes":""},"categories":[15],"tags":[],"class_list":["post-9303","post","type-post","status-publish","format-standard","hentry","category-6e"],"post_mailing_queue_ids":[],"_links":{"self":[{"href":"https:\/\/agora.xtec.cat\/ceipvistaalegre\/wp-json\/wp\/v2\/posts\/9303","targetHints":{"allow":["GET"]}}],"collection":[{"href":"https:\/\/agora.xtec.cat\/ceipvistaalegre\/wp-json\/wp\/v2\/posts"}],"about":[{"href":"https:\/\/agora.xtec.cat\/ceipvistaalegre\/wp-json\/wp\/v2\/types\/post"}],"author":[{"embeddable":true,"href":"https:\/\/agora.xtec.cat\/ceipvistaalegre\/wp-json\/wp\/v2\/users\/18"}],"replies":[{"embeddable":true,"href":"https:\/\/agora.xtec.cat\/ceipvistaalegre\/wp-json\/wp\/v2\/comments?post=9303"}],"version-history":[{"count":1,"href":"https:\/\/agora.xtec.cat\/ceipvistaalegre\/wp-json\/wp\/v2\/posts\/9303\/revisions"}],"predecessor-version":[{"id":9306,"href":"https:\/\/agora.xtec.cat\/ceipvistaalegre\/wp-json\/wp\/v2\/posts\/9303\/revisions\/9306"}],"wp:attachment":[{"href":"https:\/\/agora.xtec.cat\/ceipvistaalegre\/wp-json\/wp\/v2\/media?parent=9303"}],"wp:term":[{"taxonomy":"category","embeddable":true,"href":"https:\/\/agora.xtec.cat\/ceipvistaalegre\/wp-json\/wp\/v2\/categories?post=9303"},{"taxonomy":"post_tag","embeddable":true,"href":"https:\/\/agora.xtec.cat\/ceipvistaalegre\/wp-json\/wp\/v2\/tags?post=9303"}],"curies":[{"name":"wp","href":"https:\/\/api.w.org\/{rel}","templated":true}]}}