{"id":9298,"date":"2023-11-20T23:33:10","date_gmt":"2023-11-20T22:33:10","guid":{"rendered":"https:\/\/agora.xtec.cat\/ceipvistaalegre\/?p=9298"},"modified":"2023-12-05T20:30:20","modified_gmt":"2023-12-05T19:30:20","slug":"consell-dinfants-2","status":"publish","type":"post","link":"https:\/\/agora.xtec.cat\/ceipvistaalegre\/primaria\/5e\/consell-dinfants-2\/","title":{"rendered":"CONSELL D&#8217;INFANTS"},"content":{"rendered":"<p>Aquesta tarda a l&#8217;Ajuntament de Matar\u00f3 s&#8217;ha fet la trobada entre els nens i nenes que participen al Consell d&#8217;Infants durant aquest curs. Format per representants de 5\u00e8 i 6\u00e8 de prim\u00e0ria.<\/p>\n<p>Avui el Consell d&#8217;Infants tria el tema: &#8220;Millora de parcs, places, pistes, patis d&#8217;escola i platja&#8221;. Es treballar\u00e0 en sessions mensuals en horari extraescolar.<\/p>\n<p>L&#8217;alcalde, David Bote, i la regidora d&#8217;Educaci\u00f3 i d&#8217;Esports Bea Delgado, han presidit la constituci\u00f3 del Consell d&#8217;Infants.<\/p>\n<p><img loading=\"lazy\" decoding=\"async\" class=\"alignnone wp-image-9300\" src=\"https:\/\/agora.xtec.cat\/ceipvistaalegre\/wp-content\/uploads\/usu1936\/2023\/11\/WhatsApp-Image-2023-11-20-at-23.29.00-1024x768.jpeg\" alt=\"\" width=\"299\" height=\"224\" srcset=\"https:\/\/agora.xtec.cat\/ceipvistaalegre\/wp-content\/uploads\/usu1936\/2023\/11\/WhatsApp-Image-2023-11-20-at-23.29.00-1024x768.jpeg 1024w, https:\/\/agora.xtec.cat\/ceipvistaalegre\/wp-content\/uploads\/usu1936\/2023\/11\/WhatsApp-Image-2023-11-20-at-23.29.00-300x225.jpeg 300w, https:\/\/agora.xtec.cat\/ceipvistaalegre\/wp-content\/uploads\/usu1936\/2023\/11\/WhatsApp-Image-2023-11-20-at-23.29.00-768x576.jpeg 768w, https:\/\/agora.xtec.cat\/ceipvistaalegre\/wp-content\/uploads\/usu1936\/2023\/11\/WhatsApp-Image-2023-11-20-at-23.29.00-1536x1152.jpeg 1536w, https:\/\/agora.xtec.cat\/ceipvistaalegre\/wp-content\/uploads\/usu1936\/2023\/11\/WhatsApp-Image-2023-11-20-at-23.29.00-200x150.jpeg 200w, https:\/\/agora.xtec.cat\/ceipvistaalegre\/wp-content\/uploads\/usu1936\/2023\/11\/WhatsApp-Image-2023-11-20-at-23.29.00.jpeg 2048w\" sizes=\"auto, (max-width: 299px) 100vw, 299px\" \/> <img loading=\"lazy\" decoding=\"async\" class=\"alignnone wp-image-9301\" src=\"https:\/\/agora.xtec.cat\/ceipvistaalegre\/wp-content\/uploads\/usu1936\/2023\/11\/WhatsApp-Image-2023-11-20-at-23.29.49-1-1024x768.jpeg\" alt=\"\" width=\"303\" height=\"227\" srcset=\"https:\/\/agora.xtec.cat\/ceipvistaalegre\/wp-content\/uploads\/usu1936\/2023\/11\/WhatsApp-Image-2023-11-20-at-23.29.49-1-1024x768.jpeg 1024w, https:\/\/agora.xtec.cat\/ceipvistaalegre\/wp-content\/uploads\/usu1936\/2023\/11\/WhatsApp-Image-2023-11-20-at-23.29.49-1-300x225.jpeg 300w, https:\/\/agora.xtec.cat\/ceipvistaalegre\/wp-content\/uploads\/usu1936\/2023\/11\/WhatsApp-Image-2023-11-20-at-23.29.49-1-768x576.jpeg 768w, https:\/\/agora.xtec.cat\/ceipvistaalegre\/wp-content\/uploads\/usu1936\/2023\/11\/WhatsApp-Image-2023-11-20-at-23.29.49-1-1536x1152.jpeg 1536w, https:\/\/agora.xtec.cat\/ceipvistaalegre\/wp-content\/uploads\/usu1936\/2023\/11\/WhatsApp-Image-2023-11-20-at-23.29.49-1-200x150.jpeg 200w, https:\/\/agora.xtec.cat\/ceipvistaalegre\/wp-content\/uploads\/usu1936\/2023\/11\/WhatsApp-Image-2023-11-20-at-23.29.49-1.jpeg 2048w\" sizes=\"auto, (max-width: 303px) 100vw, 303px\" \/><\/p>\n<p>&nbsp;<\/p>\n<p>&nbsp;<\/p>\n<p>&nbsp;<\/p>\n","protected":false},"excerpt":{"rendered":"<p>Aquesta tarda a l&#8217;Ajuntament de Matar\u00f3 s&#8217;ha fet la trobada entre els nens i nenes que participen al Consell d&#8217;Infants durant aquest curs. Format per representants de 5\u00e8 i 6\u00e8 de prim\u00e0ria.<br \/>\nAvui el Consell d&#8217;Infants tria el tema: &#8220;Millora de parcs, places, pistes, patis d&#8217;escola&hellip;  <a href=\"https:\/\/agora.xtec.cat\/ceipvistaalegre\/primaria\/5e\/consell-dinfants-2\/\" title=\"Read CONSELL D&#8217;INFANTS\">Llegeix m\u00e9s\u00bb<\/a><\/p>\n","protected":false},"author":18,"featured_media":0,"comment_status":"open","ping_status":"closed","sticky":false,"template":"","format":"standard","meta":{"_bbp_topic_count":0,"_bbp_reply_count":0,"_bbp_total_topic_count":0,"_bbp_total_reply_count":0,"_bbp_voice_count":0,"_bbp_anonymous_reply_count":0,"_bbp_topic_count_hidden":0,"_bbp_reply_count_hidden":0,"_bbp_forum_subforum_count":0,"footnotes":""},"categories":[14,15],"tags":[],"class_list":["post-9298","post","type-post","status-publish","format-standard","hentry","category-5e","category-6e"],"post_mailing_queue_ids":[],"_links":{"self":[{"href":"https:\/\/agora.xtec.cat\/ceipvistaalegre\/wp-json\/wp\/v2\/posts\/9298","targetHints":{"allow":["GET"]}}],"collection":[{"href":"https:\/\/agora.xtec.cat\/ceipvistaalegre\/wp-json\/wp\/v2\/posts"}],"about":[{"href":"https:\/\/agora.xtec.cat\/ceipvistaalegre\/wp-json\/wp\/v2\/types\/post"}],"author":[{"embeddable":true,"href":"https:\/\/agora.xtec.cat\/ceipvistaalegre\/wp-json\/wp\/v2\/users\/18"}],"replies":[{"embeddable":true,"href":"https:\/\/agora.xtec.cat\/ceipvistaalegre\/wp-json\/wp\/v2\/comments?post=9298"}],"version-history":[{"count":1,"href":"https:\/\/agora.xtec.cat\/ceipvistaalegre\/wp-json\/wp\/v2\/posts\/9298\/revisions"}],"predecessor-version":[{"id":9302,"href":"https:\/\/agora.xtec.cat\/ceipvistaalegre\/wp-json\/wp\/v2\/posts\/9298\/revisions\/9302"}],"wp:attachment":[{"href":"https:\/\/agora.xtec.cat\/ceipvistaalegre\/wp-json\/wp\/v2\/media?parent=9298"}],"wp:term":[{"taxonomy":"category","embeddable":true,"href":"https:\/\/agora.xtec.cat\/ceipvistaalegre\/wp-json\/wp\/v2\/categories?post=9298"},{"taxonomy":"post_tag","embeddable":true,"href":"https:\/\/agora.xtec.cat\/ceipvistaalegre\/wp-json\/wp\/v2\/tags?post=9298"}],"curies":[{"name":"wp","href":"https:\/\/api.w.org\/{rel}","templated":true}]}}