{"id":9292,"date":"2023-11-20T00:00:44","date_gmt":"2023-11-19T23:00:44","guid":{"rendered":"https:\/\/agora.xtec.cat\/ceipvistaalegre\/?p=9292"},"modified":"2023-11-19T11:30:25","modified_gmt":"2023-11-19T10:30:25","slug":"els-drets-dels-infants","status":"publish","type":"post","link":"https:\/\/agora.xtec.cat\/ceipvistaalegre\/primaria\/4t\/els-drets-dels-infants\/","title":{"rendered":"Els drets dels infants"},"content":{"rendered":"<p>Hola a tots i totes!<\/p>\n<p>Amb motiu del <strong>DIA DE LA INF\u00c0NCIA <\/strong>que es commemora cada 20 de novembre arreu del m\u00f3n, a la classe de 4t hem estat treballant quins s\u00f3n els drets que tots els infants han de tenir: dret a que ens cuidin, dret a tenir un nom, dret a l&#8217;educaci\u00f3, dret a jugarvi a divertir-nos&#8230; Tenim dret a ser nens i nenes!<\/p>\n<p>Sabem que aix\u00f2 no sempre passa i que hi ha molts llocs en els que els infants no estan cuidats ni es compleixen aquests drets. \u00c9s per aix\u00f2 que hem volgut fer un v\u00eddeo amb la can\u00e7\u00f3 &#8220;Els drets dels infants&#8221; del grup Xiula.<\/p>\n<p>Esperem que us agradi!<\/p>\n<p><iframe loading=\"lazy\" title=\"ELS DRETS DELS INFANTS\" width=\"500\" height=\"281\" src=\"https:\/\/www.youtube.com\/embed\/1VwRUMFdcis?feature=oembed\" frameborder=\"0\" allow=\"accelerometer; autoplay; clipboard-write; encrypted-media; gyroscope; picture-in-picture; web-share\" referrerpolicy=\"strict-origin-when-cross-origin\" allowfullscreen><\/iframe><\/p>\n","protected":false},"excerpt":{"rendered":"<p>Hola a tots i totes!<br \/>\nAmb motiu del DIA DE LA INF\u00c0NCIA que es commemora cada 20 de novembre arreu del m\u00f3n, a la classe de 4t hem estat treballant quins s\u00f3n els drets que tots els infants han de tenir: dret a que ens cuidin,&hellip;  <a href=\"https:\/\/agora.xtec.cat\/ceipvistaalegre\/primaria\/4t\/els-drets-dels-infants\/\" title=\"Read Els drets dels infants\">Llegeix m\u00e9s\u00bb<\/a><\/p>\n","protected":false},"author":3,"featured_media":0,"comment_status":"open","ping_status":"closed","sticky":false,"template":"","format":"standard","meta":{"_bbp_topic_count":0,"_bbp_reply_count":0,"_bbp_total_topic_count":0,"_bbp_total_reply_count":0,"_bbp_voice_count":0,"_bbp_anonymous_reply_count":0,"_bbp_topic_count_hidden":0,"_bbp_reply_count_hidden":0,"_bbp_forum_subforum_count":0,"footnotes":""},"categories":[13],"tags":[],"class_list":["post-9292","post","type-post","status-publish","format-standard","hentry","category-4t"],"post_mailing_queue_ids":[],"_links":{"self":[{"href":"https:\/\/agora.xtec.cat\/ceipvistaalegre\/wp-json\/wp\/v2\/posts\/9292","targetHints":{"allow":["GET"]}}],"collection":[{"href":"https:\/\/agora.xtec.cat\/ceipvistaalegre\/wp-json\/wp\/v2\/posts"}],"about":[{"href":"https:\/\/agora.xtec.cat\/ceipvistaalegre\/wp-json\/wp\/v2\/types\/post"}],"author":[{"embeddable":true,"href":"https:\/\/agora.xtec.cat\/ceipvistaalegre\/wp-json\/wp\/v2\/users\/3"}],"replies":[{"embeddable":true,"href":"https:\/\/agora.xtec.cat\/ceipvistaalegre\/wp-json\/wp\/v2\/comments?post=9292"}],"version-history":[{"count":2,"href":"https:\/\/agora.xtec.cat\/ceipvistaalegre\/wp-json\/wp\/v2\/posts\/9292\/revisions"}],"predecessor-version":[{"id":9294,"href":"https:\/\/agora.xtec.cat\/ceipvistaalegre\/wp-json\/wp\/v2\/posts\/9292\/revisions\/9294"}],"wp:attachment":[{"href":"https:\/\/agora.xtec.cat\/ceipvistaalegre\/wp-json\/wp\/v2\/media?parent=9292"}],"wp:term":[{"taxonomy":"category","embeddable":true,"href":"https:\/\/agora.xtec.cat\/ceipvistaalegre\/wp-json\/wp\/v2\/categories?post=9292"},{"taxonomy":"post_tag","embeddable":true,"href":"https:\/\/agora.xtec.cat\/ceipvistaalegre\/wp-json\/wp\/v2\/tags?post=9292"}],"curies":[{"name":"wp","href":"https:\/\/api.w.org\/{rel}","templated":true}]}}