{"id":9251,"date":"2023-11-10T08:36:18","date_gmt":"2023-11-10T07:36:18","guid":{"rendered":"https:\/\/agora.xtec.cat\/ceipvistaalegre\/?p=9251"},"modified":"2023-11-10T08:36:18","modified_gmt":"2023-11-10T07:36:18","slug":"sortida-del-projecte","status":"publish","type":"post","link":"https:\/\/agora.xtec.cat\/ceipvistaalegre\/primaria\/1r\/sortida-del-projecte\/","title":{"rendered":"SORTIDA DEL PROJECTE"},"content":{"rendered":"<p>Els passat dijous 9 de novembre els infants de primer han visitat l&#8217;exposici\u00f3 de Space Discovery, que tracta sobre els astronautes i el viatge espacial al llarg de la hist\u00f2ria. Ha estat una activitat molt interessant i enriquidora, per donar el tret de sortida al treball del projecte que d\u00f3na nom a la nostra classe. FANT\u00c0STIC!!<\/p>\n<p><a href=\"https:\/\/agora.xtec.cat\/ceipvistaalegre\/wp-content\/uploads\/usu1936\/2023\/11\/1699601586538-1-scaled.jpg\"><img loading=\"lazy\" decoding=\"async\" class=\" wp-image-9253 aligncenter\" src=\"https:\/\/agora.xtec.cat\/ceipvistaalegre\/wp-content\/uploads\/usu1936\/2023\/11\/1699601586538-1-269x1024.jpg\" alt=\"\" width=\"201\" height=\"765\" srcset=\"https:\/\/agora.xtec.cat\/ceipvistaalegre\/wp-content\/uploads\/usu1936\/2023\/11\/1699601586538-1-269x1024.jpg 269w, https:\/\/agora.xtec.cat\/ceipvistaalegre\/wp-content\/uploads\/usu1936\/2023\/11\/1699601586538-1-79x300.jpg 79w, https:\/\/agora.xtec.cat\/ceipvistaalegre\/wp-content\/uploads\/usu1936\/2023\/11\/1699601586538-1-768x2923.jpg 768w, https:\/\/agora.xtec.cat\/ceipvistaalegre\/wp-content\/uploads\/usu1936\/2023\/11\/1699601586538-1-404x1536.jpg 404w, https:\/\/agora.xtec.cat\/ceipvistaalegre\/wp-content\/uploads\/usu1936\/2023\/11\/1699601586538-1-538x2048.jpg 538w, https:\/\/agora.xtec.cat\/ceipvistaalegre\/wp-content\/uploads\/usu1936\/2023\/11\/1699601586538-1-scaled.jpg 673w\" sizes=\"auto, (max-width: 201px) 100vw, 201px\" \/><\/a><\/p>\n","protected":false},"excerpt":{"rendered":"<p>Els passat dijous 9 de novembre els infants de primer han visitat l&#8217;exposici\u00f3 de Space Discovery, que tracta sobre els astronautes i el viatge espacial al llarg de la hist\u00f2ria. Ha estat una activitat molt interessant i enriquidora, per donar el tret de sortida al&hellip;  <a href=\"https:\/\/agora.xtec.cat\/ceipvistaalegre\/primaria\/1r\/sortida-del-projecte\/\" title=\"Read SORTIDA DEL PROJECTE\">Llegeix m\u00e9s\u00bb<\/a><\/p>\n","protected":false},"author":25,"featured_media":0,"comment_status":"open","ping_status":"closed","sticky":false,"template":"","format":"standard","meta":{"_bbp_topic_count":0,"_bbp_reply_count":0,"_bbp_total_topic_count":0,"_bbp_total_reply_count":0,"_bbp_voice_count":0,"_bbp_anonymous_reply_count":0,"_bbp_topic_count_hidden":0,"_bbp_reply_count_hidden":0,"_bbp_forum_subforum_count":0,"footnotes":""},"categories":[10],"tags":[],"class_list":["post-9251","post","type-post","status-publish","format-standard","hentry","category-1r"],"post_mailing_queue_ids":[],"_links":{"self":[{"href":"https:\/\/agora.xtec.cat\/ceipvistaalegre\/wp-json\/wp\/v2\/posts\/9251","targetHints":{"allow":["GET"]}}],"collection":[{"href":"https:\/\/agora.xtec.cat\/ceipvistaalegre\/wp-json\/wp\/v2\/posts"}],"about":[{"href":"https:\/\/agora.xtec.cat\/ceipvistaalegre\/wp-json\/wp\/v2\/types\/post"}],"author":[{"embeddable":true,"href":"https:\/\/agora.xtec.cat\/ceipvistaalegre\/wp-json\/wp\/v2\/users\/25"}],"replies":[{"embeddable":true,"href":"https:\/\/agora.xtec.cat\/ceipvistaalegre\/wp-json\/wp\/v2\/comments?post=9251"}],"version-history":[{"count":1,"href":"https:\/\/agora.xtec.cat\/ceipvistaalegre\/wp-json\/wp\/v2\/posts\/9251\/revisions"}],"predecessor-version":[{"id":9254,"href":"https:\/\/agora.xtec.cat\/ceipvistaalegre\/wp-json\/wp\/v2\/posts\/9251\/revisions\/9254"}],"wp:attachment":[{"href":"https:\/\/agora.xtec.cat\/ceipvistaalegre\/wp-json\/wp\/v2\/media?parent=9251"}],"wp:term":[{"taxonomy":"category","embeddable":true,"href":"https:\/\/agora.xtec.cat\/ceipvistaalegre\/wp-json\/wp\/v2\/categories?post=9251"},{"taxonomy":"post_tag","embeddable":true,"href":"https:\/\/agora.xtec.cat\/ceipvistaalegre\/wp-json\/wp\/v2\/tags?post=9251"}],"curies":[{"name":"wp","href":"https:\/\/api.w.org\/{rel}","templated":true}]}}