{"id":9237,"date":"2023-11-02T14:56:32","date_gmt":"2023-11-02T13:56:32","guid":{"rendered":"https:\/\/agora.xtec.cat\/ceipvistaalegre\/?p=9237"},"modified":"2023-11-02T14:56:32","modified_gmt":"2023-11-02T13:56:32","slug":"el-sentit-de-lolfacte","status":"publish","type":"post","link":"https:\/\/agora.xtec.cat\/ceipvistaalegre\/infantil\/infantil-3-anys\/el-sentit-de-lolfacte\/","title":{"rendered":"El sentit de l&#8217;olfacte."},"content":{"rendered":"<p><a href=\"https:\/\/agora.xtec.cat\/ceipvistaalegre\/infantil\/infantil-3-anys\/el-sentit-de-lolfacte\/attachment\/photo-output-1\/\" rel=\"attachment wp-att-9238\"><img loading=\"lazy\" decoding=\"async\" class=\"aligncenter size-full wp-image-9238\" src=\"https:\/\/agora.xtec.cat\/ceipvistaalegre\/wp-content\/uploads\/usu1936\/2023\/11\/photo-output-1-scaled.jpg\" alt=\"\" width=\"2560\" height=\"2560\" srcset=\"https:\/\/agora.xtec.cat\/ceipvistaalegre\/wp-content\/uploads\/usu1936\/2023\/11\/photo-output-1-scaled.jpg 2560w, https:\/\/agora.xtec.cat\/ceipvistaalegre\/wp-content\/uploads\/usu1936\/2023\/11\/photo-output-1-300x300.jpg 300w, https:\/\/agora.xtec.cat\/ceipvistaalegre\/wp-content\/uploads\/usu1936\/2023\/11\/photo-output-1-1024x1024.jpg 1024w, https:\/\/agora.xtec.cat\/ceipvistaalegre\/wp-content\/uploads\/usu1936\/2023\/11\/photo-output-1-150x150.jpg 150w, https:\/\/agora.xtec.cat\/ceipvistaalegre\/wp-content\/uploads\/usu1936\/2023\/11\/photo-output-1-768x768.jpg 768w, https:\/\/agora.xtec.cat\/ceipvistaalegre\/wp-content\/uploads\/usu1936\/2023\/11\/photo-output-1-1536x1536.jpg 1536w, https:\/\/agora.xtec.cat\/ceipvistaalegre\/wp-content\/uploads\/usu1936\/2023\/11\/photo-output-1-2048x2048.jpg 2048w\" sizes=\"auto, (max-width: 2560px) 100vw, 2560px\" \/><\/a><\/p>\n<p>Els nens i les nenes d&#8217;I3 fa dies que estem descobrint quines parts t\u00e9 la nostra cara i per a qu\u00e8 serveixen. Avui li ha tocat al nas. Hem tapat els ulls perqu\u00e8 hi hagu\u00e9s la m\u00e0xima concentraci\u00f3 en el sentit de l&#8217;olfacte. Hem olorat esp\u00e8cies com la canyella, el curri, el gingebre &#8230; Arom\u00e0tiques com: el roman\u00ed, l&#8217;alf\u00e0brega, la menta&#8230; La mandarina, la xocolata.\u00a0 Es tractava de pensar si algun cop hav\u00edem sentit aquella olor: en un menjar, a la cuina, a l&#8217;hort, quan els pares prenen una infusi\u00f3, quan l&#8217;\u00e0via ens fa magdalenes&#8230; Si aquella olor ens agradava o no. Si l&#8217;hav\u00edem provat en algun menjar&#8230; Ha estat una experi\u00e8ncia que ens ha obert el nostre ventall d&#8217;olors.<\/p>\n","protected":false},"excerpt":{"rendered":"<p><a href=\"https:\/\/agora.xtec.cat\/ceipvistaalegre\/infantil\/infantil-3-anys\/el-sentit-de-lolfacte\/attachment\/photo-output-1\/\" rel=\"attachment wp-att-9238\"><\/a><br \/>\nEls nens i les nenes d&#8217;I3 fa dies que estem descobrint quines parts t\u00e9 la nostra cara i per a qu\u00e8 serveixen. Avui li ha tocat al nas. Hem tapat els ulls perqu\u00e8 hi hagu\u00e9s la m\u00e0xima concentraci\u00f3 en el sentit de&hellip;  <a href=\"https:\/\/agora.xtec.cat\/ceipvistaalegre\/infantil\/infantil-3-anys\/el-sentit-de-lolfacte\/\" title=\"Read El sentit de l&#8217;olfacte.\">Llegeix m\u00e9s\u00bb<\/a><\/p>\n","protected":false},"author":4,"featured_media":0,"comment_status":"open","ping_status":"closed","sticky":false,"template":"","format":"standard","meta":{"_bbp_topic_count":0,"_bbp_reply_count":0,"_bbp_total_topic_count":0,"_bbp_total_reply_count":0,"_bbp_voice_count":0,"_bbp_anonymous_reply_count":0,"_bbp_topic_count_hidden":0,"_bbp_reply_count_hidden":0,"_bbp_forum_subforum_count":0,"footnotes":""},"categories":[3],"tags":[290,291],"class_list":["post-9237","post","type-post","status-publish","format-standard","hentry","category-infantil-3-anys","tag-els-sentits","tag-olfacte"],"post_mailing_queue_ids":[],"_links":{"self":[{"href":"https:\/\/agora.xtec.cat\/ceipvistaalegre\/wp-json\/wp\/v2\/posts\/9237","targetHints":{"allow":["GET"]}}],"collection":[{"href":"https:\/\/agora.xtec.cat\/ceipvistaalegre\/wp-json\/wp\/v2\/posts"}],"about":[{"href":"https:\/\/agora.xtec.cat\/ceipvistaalegre\/wp-json\/wp\/v2\/types\/post"}],"author":[{"embeddable":true,"href":"https:\/\/agora.xtec.cat\/ceipvistaalegre\/wp-json\/wp\/v2\/users\/4"}],"replies":[{"embeddable":true,"href":"https:\/\/agora.xtec.cat\/ceipvistaalegre\/wp-json\/wp\/v2\/comments?post=9237"}],"version-history":[{"count":3,"href":"https:\/\/agora.xtec.cat\/ceipvistaalegre\/wp-json\/wp\/v2\/posts\/9237\/revisions"}],"predecessor-version":[{"id":9241,"href":"https:\/\/agora.xtec.cat\/ceipvistaalegre\/wp-json\/wp\/v2\/posts\/9237\/revisions\/9241"}],"wp:attachment":[{"href":"https:\/\/agora.xtec.cat\/ceipvistaalegre\/wp-json\/wp\/v2\/media?parent=9237"}],"wp:term":[{"taxonomy":"category","embeddable":true,"href":"https:\/\/agora.xtec.cat\/ceipvistaalegre\/wp-json\/wp\/v2\/categories?post=9237"},{"taxonomy":"post_tag","embeddable":true,"href":"https:\/\/agora.xtec.cat\/ceipvistaalegre\/wp-json\/wp\/v2\/tags?post=9237"}],"curies":[{"name":"wp","href":"https:\/\/api.w.org\/{rel}","templated":true}]}}