{"id":9234,"date":"2023-11-02T08:15:00","date_gmt":"2023-11-02T07:15:00","guid":{"rendered":"https:\/\/agora.xtec.cat\/ceipvistaalegre\/?p=9234"},"modified":"2023-11-02T08:15:00","modified_gmt":"2023-11-02T07:15:00","slug":"happy-halloween","status":"publish","type":"post","link":"https:\/\/agora.xtec.cat\/ceipvistaalegre\/primaria\/1r\/happy-halloween\/","title":{"rendered":"HAPPY HALLOWEEN"},"content":{"rendered":"<p>Aquest curs els nens i nenes de 1r s&#8217;estrenen en la celebraci\u00f3 de Halloween a l&#8217;escola, igual que els seus companys de prim\u00e0ria.\u00a0 Per aix\u00f2, han portat les seves disfresses m\u00e9s terror\u00edfiques. Hem fet desfilada a la classe i despr\u00e9 hem gaudit del passatge del terror, que hen fet al gimn\u00e0s de l&#8217;escola. Ha estat una tarda de por!!<\/p>\n<p><a href=\"https:\/\/agora.xtec.cat\/ceipvistaalegre\/wp-content\/uploads\/usu1936\/2023\/11\/1698774697946-1.jpg\"><img loading=\"lazy\" decoding=\"async\" class=\"wp-image-9235 aligncenter\" src=\"https:\/\/agora.xtec.cat\/ceipvistaalegre\/wp-content\/uploads\/usu1936\/2023\/11\/1698774697946-1-1024x1024.jpg\" alt=\"\" width=\"601\" height=\"601\" srcset=\"https:\/\/agora.xtec.cat\/ceipvistaalegre\/wp-content\/uploads\/usu1936\/2023\/11\/1698774697946-1-1024x1024.jpg 1024w, https:\/\/agora.xtec.cat\/ceipvistaalegre\/wp-content\/uploads\/usu1936\/2023\/11\/1698774697946-1-300x300.jpg 300w, https:\/\/agora.xtec.cat\/ceipvistaalegre\/wp-content\/uploads\/usu1936\/2023\/11\/1698774697946-1-150x150.jpg 150w, https:\/\/agora.xtec.cat\/ceipvistaalegre\/wp-content\/uploads\/usu1936\/2023\/11\/1698774697946-1-768x768.jpg 768w, https:\/\/agora.xtec.cat\/ceipvistaalegre\/wp-content\/uploads\/usu1936\/2023\/11\/1698774697946-1-1536x1536.jpg 1536w, https:\/\/agora.xtec.cat\/ceipvistaalegre\/wp-content\/uploads\/usu1936\/2023\/11\/1698774697946-1.jpg 1920w\" sizes=\"auto, (max-width: 601px) 100vw, 601px\" \/><\/a><\/p>\n","protected":false},"excerpt":{"rendered":"<p>Aquest curs els nens i nenes de 1r s&#8217;estrenen en la celebraci\u00f3 de Halloween a l&#8217;escola, igual que els seus companys de prim\u00e0ria.\u00a0 Per aix\u00f2, han portat les seves disfresses m\u00e9s terror\u00edfiques. Hem fet desfilada a la classe i despr\u00e9 hem gaudit del passatge del&hellip;  <a href=\"https:\/\/agora.xtec.cat\/ceipvistaalegre\/primaria\/1r\/happy-halloween\/\" title=\"Read HAPPY HALLOWEEN\">Llegeix m\u00e9s\u00bb<\/a><\/p>\n","protected":false},"author":25,"featured_media":0,"comment_status":"open","ping_status":"closed","sticky":false,"template":"","format":"standard","meta":{"_bbp_topic_count":0,"_bbp_reply_count":0,"_bbp_total_topic_count":0,"_bbp_total_reply_count":0,"_bbp_voice_count":0,"_bbp_anonymous_reply_count":0,"_bbp_topic_count_hidden":0,"_bbp_reply_count_hidden":0,"_bbp_forum_subforum_count":0,"footnotes":""},"categories":[10],"tags":[],"class_list":["post-9234","post","type-post","status-publish","format-standard","hentry","category-1r"],"post_mailing_queue_ids":[],"_links":{"self":[{"href":"https:\/\/agora.xtec.cat\/ceipvistaalegre\/wp-json\/wp\/v2\/posts\/9234","targetHints":{"allow":["GET"]}}],"collection":[{"href":"https:\/\/agora.xtec.cat\/ceipvistaalegre\/wp-json\/wp\/v2\/posts"}],"about":[{"href":"https:\/\/agora.xtec.cat\/ceipvistaalegre\/wp-json\/wp\/v2\/types\/post"}],"author":[{"embeddable":true,"href":"https:\/\/agora.xtec.cat\/ceipvistaalegre\/wp-json\/wp\/v2\/users\/25"}],"replies":[{"embeddable":true,"href":"https:\/\/agora.xtec.cat\/ceipvistaalegre\/wp-json\/wp\/v2\/comments?post=9234"}],"version-history":[{"count":1,"href":"https:\/\/agora.xtec.cat\/ceipvistaalegre\/wp-json\/wp\/v2\/posts\/9234\/revisions"}],"predecessor-version":[{"id":9236,"href":"https:\/\/agora.xtec.cat\/ceipvistaalegre\/wp-json\/wp\/v2\/posts\/9234\/revisions\/9236"}],"wp:attachment":[{"href":"https:\/\/agora.xtec.cat\/ceipvistaalegre\/wp-json\/wp\/v2\/media?parent=9234"}],"wp:term":[{"taxonomy":"category","embeddable":true,"href":"https:\/\/agora.xtec.cat\/ceipvistaalegre\/wp-json\/wp\/v2\/categories?post=9234"},{"taxonomy":"post_tag","embeddable":true,"href":"https:\/\/agora.xtec.cat\/ceipvistaalegre\/wp-json\/wp\/v2\/tags?post=9234"}],"curies":[{"name":"wp","href":"https:\/\/api.w.org\/{rel}","templated":true}]}}