{"id":9213,"date":"2023-10-30T20:48:54","date_gmt":"2023-10-30T19:48:54","guid":{"rendered":"https:\/\/agora.xtec.cat\/ceipvistaalegre\/?p=9213"},"modified":"2023-10-30T20:52:45","modified_gmt":"2023-10-30T19:52:45","slug":"mostra-de-productes-de-la-tardor","status":"publish","type":"post","link":"https:\/\/agora.xtec.cat\/ceipvistaalegre\/portada\/mostra-de-productes-de-la-tardor\/","title":{"rendered":"Mostra de productes de la tardor"},"content":{"rendered":"<p>Quan arriba aquesta \u00e8poca l&#8217;escola s&#8217;omple de tardor&#8230; La decoraci\u00f3, els contes, els racons de les aules&#8230; I cap a finals d&#8217;octubre, fem una mostra de productes t\u00edpics d&#8217;aquesta \u00e8poca de l&#8217;any amb diferents parades.<\/p>\n<p>Els nens i nenes de 6\u00e8 s\u00f3n els encarregats d&#8217;explicar a la resta de l&#8217;escola quins s\u00f3n aquests productes, a on els podem trobar, com s&#8217;elaboren o quina forma tenen.<\/p>\n<p><a href=\"https:\/\/agora.xtec.cat\/ceipvistaalegre\/wp-content\/uploads\/usu1936\/2023\/10\/2-scaled.jpg\"><img loading=\"lazy\" decoding=\"async\" class=\" wp-image-9214 aligncenter\" src=\"https:\/\/agora.xtec.cat\/ceipvistaalegre\/wp-content\/uploads\/usu1936\/2023\/10\/2-768x1024.jpg\" alt=\"\" width=\"360\" height=\"480\" srcset=\"https:\/\/agora.xtec.cat\/ceipvistaalegre\/wp-content\/uploads\/usu1936\/2023\/10\/2-768x1024.jpg 768w, https:\/\/agora.xtec.cat\/ceipvistaalegre\/wp-content\/uploads\/usu1936\/2023\/10\/2-225x300.jpg 225w, https:\/\/agora.xtec.cat\/ceipvistaalegre\/wp-content\/uploads\/usu1936\/2023\/10\/2-1152x1536.jpg 1152w, https:\/\/agora.xtec.cat\/ceipvistaalegre\/wp-content\/uploads\/usu1936\/2023\/10\/2-1536x2048.jpg 1536w, https:\/\/agora.xtec.cat\/ceipvistaalegre\/wp-content\/uploads\/usu1936\/2023\/10\/2-scaled.jpg 1920w\" sizes=\"auto, (max-width: 360px) 100vw, 360px\" \/><\/a><\/p>\n<p>Despr\u00e9s de passar per les parades, es fa un tastet a les aules per provar i menjar tots aquests productes: ra\u00efm, mandarina, magrana, torrades amb melmelada de pr\u00e9ssec o panellets!<\/p>\n<p>I si voleu veure totes les fotos de la jornada, podeu cliclar aqu\u00ed: <a href=\"https:\/\/drive.google.com\/drive\/folders\/17IE7W63nQNc6YV95FZj26wqE-QdRqELh?usp=drive_link\">MOSTRA DE TARDOR 2023<\/a><\/p>\n<p>&nbsp;<\/p>\n","protected":false},"excerpt":{"rendered":"<p>Quan arriba aquesta \u00e8poca l&#8217;escola s&#8217;omple de tardor&#8230; La decoraci\u00f3, els contes, els racons de les aules&#8230; I cap a finals d&#8217;octubre, fem una mostra de productes t\u00edpics d&#8217;aquesta \u00e8poca de l&#8217;any amb diferents parades.<br \/>\nEls nens i nenes de 6\u00e8 s\u00f3n els encarregats d&#8217;explicar a&hellip;  <a href=\"https:\/\/agora.xtec.cat\/ceipvistaalegre\/portada\/mostra-de-productes-de-la-tardor\/\" title=\"Read Mostra de productes de la tardor\">Llegeix m\u00e9s\u00bb<\/a><\/p>\n","protected":false},"author":3,"featured_media":0,"comment_status":"open","ping_status":"closed","sticky":false,"template":"","format":"standard","meta":{"_bbp_topic_count":0,"_bbp_reply_count":0,"_bbp_total_topic_count":0,"_bbp_total_reply_count":0,"_bbp_voice_count":0,"_bbp_anonymous_reply_count":0,"_bbp_topic_count_hidden":0,"_bbp_reply_count_hidden":0,"_bbp_forum_subforum_count":0,"footnotes":""},"categories":[4],"tags":[],"class_list":["post-9213","post","type-post","status-publish","format-standard","hentry","category-portada"],"post_mailing_queue_ids":[],"_links":{"self":[{"href":"https:\/\/agora.xtec.cat\/ceipvistaalegre\/wp-json\/wp\/v2\/posts\/9213","targetHints":{"allow":["GET"]}}],"collection":[{"href":"https:\/\/agora.xtec.cat\/ceipvistaalegre\/wp-json\/wp\/v2\/posts"}],"about":[{"href":"https:\/\/agora.xtec.cat\/ceipvistaalegre\/wp-json\/wp\/v2\/types\/post"}],"author":[{"embeddable":true,"href":"https:\/\/agora.xtec.cat\/ceipvistaalegre\/wp-json\/wp\/v2\/users\/3"}],"replies":[{"embeddable":true,"href":"https:\/\/agora.xtec.cat\/ceipvistaalegre\/wp-json\/wp\/v2\/comments?post=9213"}],"version-history":[{"count":2,"href":"https:\/\/agora.xtec.cat\/ceipvistaalegre\/wp-json\/wp\/v2\/posts\/9213\/revisions"}],"predecessor-version":[{"id":9216,"href":"https:\/\/agora.xtec.cat\/ceipvistaalegre\/wp-json\/wp\/v2\/posts\/9213\/revisions\/9216"}],"wp:attachment":[{"href":"https:\/\/agora.xtec.cat\/ceipvistaalegre\/wp-json\/wp\/v2\/media?parent=9213"}],"wp:term":[{"taxonomy":"category","embeddable":true,"href":"https:\/\/agora.xtec.cat\/ceipvistaalegre\/wp-json\/wp\/v2\/categories?post=9213"},{"taxonomy":"post_tag","embeddable":true,"href":"https:\/\/agora.xtec.cat\/ceipvistaalegre\/wp-json\/wp\/v2\/tags?post=9213"}],"curies":[{"name":"wp","href":"https:\/\/api.w.org\/{rel}","templated":true}]}}