{"id":9209,"date":"2023-10-30T19:53:06","date_gmt":"2023-10-30T18:53:06","guid":{"rendered":"https:\/\/agora.xtec.cat\/ceipvistaalegre\/?p=9209"},"modified":"2023-10-30T21:26:47","modified_gmt":"2023-10-30T20:26:47","slug":"tastet-fruits-de-tardor","status":"publish","type":"post","link":"https:\/\/agora.xtec.cat\/ceipvistaalegre\/primaria\/6e\/tastet-fruits-de-tardor\/","title":{"rendered":"Tastet fruits de tardor"},"content":{"rendered":"<p>Hola fam\u00edlies, aquest mat\u00ed els alumnes de sis\u00e8 han estat protagonistes de l&#8217;activitat: &#8220;tastet de tardor&#8221;. Com la setmana passada vam anar a la pla\u00e7a Cuba a comprar els fruits, avui s&#8217;han fet paradetes i els vostres fills han fet les explicacions de cada producte.<\/p>\n<p>Tots els alumnes de l&#8217;escola han vist les paradetes, han interactuat i s&#8217;ho han passat molt b\u00e9. ha estat molt divertit!!<\/p>\n<p><img loading=\"lazy\" decoding=\"async\" class=\"alignnone wp-image-9210\" src=\"https:\/\/agora.xtec.cat\/ceipvistaalegre\/wp-content\/uploads\/usu1936\/2023\/10\/WhatsApp-Image-2023-10-30-at-19.48.10-1024x768.jpeg\" alt=\"\" width=\"270\" height=\"202\" srcset=\"https:\/\/agora.xtec.cat\/ceipvistaalegre\/wp-content\/uploads\/usu1936\/2023\/10\/WhatsApp-Image-2023-10-30-at-19.48.10-1024x768.jpeg 1024w, https:\/\/agora.xtec.cat\/ceipvistaalegre\/wp-content\/uploads\/usu1936\/2023\/10\/WhatsApp-Image-2023-10-30-at-19.48.10-300x225.jpeg 300w, https:\/\/agora.xtec.cat\/ceipvistaalegre\/wp-content\/uploads\/usu1936\/2023\/10\/WhatsApp-Image-2023-10-30-at-19.48.10-768x576.jpeg 768w, https:\/\/agora.xtec.cat\/ceipvistaalegre\/wp-content\/uploads\/usu1936\/2023\/10\/WhatsApp-Image-2023-10-30-at-19.48.10-1536x1152.jpeg 1536w, https:\/\/agora.xtec.cat\/ceipvistaalegre\/wp-content\/uploads\/usu1936\/2023\/10\/WhatsApp-Image-2023-10-30-at-19.48.10-200x150.jpeg 200w, https:\/\/agora.xtec.cat\/ceipvistaalegre\/wp-content\/uploads\/usu1936\/2023\/10\/WhatsApp-Image-2023-10-30-at-19.48.10.jpeg 2048w\" sizes=\"auto, (max-width: 270px) 100vw, 270px\" \/> <img loading=\"lazy\" decoding=\"async\" class=\"alignnone  wp-image-9218\" src=\"https:\/\/agora.xtec.cat\/ceipvistaalegre\/wp-content\/uploads\/usu1936\/2023\/10\/WhatsApp-Image-2023-10-30-at-21.25.20-1024x768.jpeg\" alt=\"\" width=\"275\" height=\"206\" srcset=\"https:\/\/agora.xtec.cat\/ceipvistaalegre\/wp-content\/uploads\/usu1936\/2023\/10\/WhatsApp-Image-2023-10-30-at-21.25.20-1024x768.jpeg 1024w, https:\/\/agora.xtec.cat\/ceipvistaalegre\/wp-content\/uploads\/usu1936\/2023\/10\/WhatsApp-Image-2023-10-30-at-21.25.20-300x225.jpeg 300w, https:\/\/agora.xtec.cat\/ceipvistaalegre\/wp-content\/uploads\/usu1936\/2023\/10\/WhatsApp-Image-2023-10-30-at-21.25.20-768x576.jpeg 768w, https:\/\/agora.xtec.cat\/ceipvistaalegre\/wp-content\/uploads\/usu1936\/2023\/10\/WhatsApp-Image-2023-10-30-at-21.25.20-1536x1152.jpeg 1536w, https:\/\/agora.xtec.cat\/ceipvistaalegre\/wp-content\/uploads\/usu1936\/2023\/10\/WhatsApp-Image-2023-10-30-at-21.25.20-200x150.jpeg 200w, https:\/\/agora.xtec.cat\/ceipvistaalegre\/wp-content\/uploads\/usu1936\/2023\/10\/WhatsApp-Image-2023-10-30-at-21.25.20.jpeg 2048w\" sizes=\"auto, (max-width: 275px) 100vw, 275px\" \/><\/p>\n","protected":false},"excerpt":{"rendered":"<p>Hola fam\u00edlies, aquest mat\u00ed els alumnes de sis\u00e8 han estat protagonistes de l&#8217;activitat: &#8220;tastet de tardor&#8221;. Com la setmana passada vam anar a la pla\u00e7a Cuba a comprar els fruits, avui s&#8217;han fet paradetes i els vostres fills han fet les explicacions de cada producte.<br \/>\nTots&hellip;  <a href=\"https:\/\/agora.xtec.cat\/ceipvistaalegre\/primaria\/6e\/tastet-fruits-de-tardor\/\" title=\"Read Tastet fruits de tardor\">Llegeix m\u00e9s\u00bb<\/a><\/p>\n","protected":false},"author":18,"featured_media":0,"comment_status":"open","ping_status":"closed","sticky":false,"template":"","format":"standard","meta":{"_bbp_topic_count":0,"_bbp_reply_count":0,"_bbp_total_topic_count":0,"_bbp_total_reply_count":0,"_bbp_voice_count":0,"_bbp_anonymous_reply_count":0,"_bbp_topic_count_hidden":0,"_bbp_reply_count_hidden":0,"_bbp_forum_subforum_count":0,"footnotes":""},"categories":[15],"tags":[],"class_list":["post-9209","post","type-post","status-publish","format-standard","hentry","category-6e"],"post_mailing_queue_ids":[],"_links":{"self":[{"href":"https:\/\/agora.xtec.cat\/ceipvistaalegre\/wp-json\/wp\/v2\/posts\/9209","targetHints":{"allow":["GET"]}}],"collection":[{"href":"https:\/\/agora.xtec.cat\/ceipvistaalegre\/wp-json\/wp\/v2\/posts"}],"about":[{"href":"https:\/\/agora.xtec.cat\/ceipvistaalegre\/wp-json\/wp\/v2\/types\/post"}],"author":[{"embeddable":true,"href":"https:\/\/agora.xtec.cat\/ceipvistaalegre\/wp-json\/wp\/v2\/users\/18"}],"replies":[{"embeddable":true,"href":"https:\/\/agora.xtec.cat\/ceipvistaalegre\/wp-json\/wp\/v2\/comments?post=9209"}],"version-history":[{"count":3,"href":"https:\/\/agora.xtec.cat\/ceipvistaalegre\/wp-json\/wp\/v2\/posts\/9209\/revisions"}],"predecessor-version":[{"id":9219,"href":"https:\/\/agora.xtec.cat\/ceipvistaalegre\/wp-json\/wp\/v2\/posts\/9209\/revisions\/9219"}],"wp:attachment":[{"href":"https:\/\/agora.xtec.cat\/ceipvistaalegre\/wp-json\/wp\/v2\/media?parent=9209"}],"wp:term":[{"taxonomy":"category","embeddable":true,"href":"https:\/\/agora.xtec.cat\/ceipvistaalegre\/wp-json\/wp\/v2\/categories?post=9209"},{"taxonomy":"post_tag","embeddable":true,"href":"https:\/\/agora.xtec.cat\/ceipvistaalegre\/wp-json\/wp\/v2\/tags?post=9209"}],"curies":[{"name":"wp","href":"https:\/\/api.w.org\/{rel}","templated":true}]}}