{"id":9167,"date":"2023-10-27T16:30:44","date_gmt":"2023-10-27T14:30:44","guid":{"rendered":"https:\/\/agora.xtec.cat\/ceipvistaalegre\/?p=9167"},"modified":"2023-10-27T15:22:14","modified_gmt":"2023-10-27T13:22:14","slug":"el-fil-invisible","status":"publish","type":"post","link":"https:\/\/agora.xtec.cat\/ceipvistaalegre\/infantil\/infantil-3-anys\/el-fil-invisible\/","title":{"rendered":"El fil invisible."},"content":{"rendered":"<p><a href=\"https:\/\/agora.xtec.cat\/ceipvistaalegre\/?attachment_id=9170\" rel=\"attachment wp-att-9170\"><br \/>\n<img loading=\"lazy\" decoding=\"async\" class=\"aligncenter wp-image-9170 size-full\" src=\"https:\/\/agora.xtec.cat\/ceipvistaalegre\/wp-content\/uploads\/usu1936\/2023\/10\/PHOTO-2023-10-26-19-07-09-e1698406532814.jpg\" alt=\"\" width=\"767\" height=\"794\" data-wp-editing=\"1\" srcset=\"https:\/\/agora.xtec.cat\/ceipvistaalegre\/wp-content\/uploads\/usu1936\/2023\/10\/PHOTO-2023-10-26-19-07-09-e1698406532814.jpg 767w, https:\/\/agora.xtec.cat\/ceipvistaalegre\/wp-content\/uploads\/usu1936\/2023\/10\/PHOTO-2023-10-26-19-07-09-e1698406532814-290x300.jpg 290w\" sizes=\"auto, (max-width: 767px) 100vw, 767px\" \/><\/a><\/p>\n<p>Els nens i les nenes de la classe d&#8217;I3 hem gaudit de l&#8217;escolta del conte <em>&#8220;El fil invisible&#8221;<\/em> de la M\u00edriam Tirado. Al llarg d&#8217;aquestes setmanes hem estat treballant la separaci\u00f3 de la fam\u00edlia, el vincle amb els pares i els nous lligams que s&#8217;establiran a l&#8217;escola. Tot a trav\u00e9s d&#8217;aquest conte. Aquesta setmana ens hem teixit una polsera com a s\u00edmbol de les persones que m\u00e9s estimem.\u00a0Des de l&#8217;escola donem import\u00e0ncia al treball de les emocions per afavorir el benestar emocional dels infants.<\/p>\n<p style=\"text-align: center;\">&#8220;<em>Jo estic amb encara que no em vegis i tu est\u00e0s amb mi encara que jo no et pugui tocar. <\/em><\/p>\n<p style=\"text-align: center;\"><em style=\"font-family: inherit; font-size: 1em;\">Perqu\u00e8 del teu melic surt un fil invisible cap al meu, i al rev\u00e9s. Estem connectats sempre.&#8221;<\/em><\/p>\n","protected":false},"excerpt":{"rendered":"<p><a href=\"https:\/\/agora.xtec.cat\/ceipvistaalegre\/?attachment_id=9170\" rel=\"attachment wp-att-9170\"><br \/>\n<\/a><br \/>\nEls nens i les nenes de la classe d&#8217;I3 hem gaudit de l&#8217;escolta del conte &#8220;El fil invisible&#8221; de la M\u00edriam Tirado. Al llarg d&#8217;aquestes setmanes hem estat treballant la separaci\u00f3 de la fam\u00edlia, el vincle amb els pares i els nous&hellip;  <a href=\"https:\/\/agora.xtec.cat\/ceipvistaalegre\/infantil\/infantil-3-anys\/el-fil-invisible\/\" title=\"Read El fil invisible.\">Llegeix m\u00e9s\u00bb<\/a><\/p>\n","protected":false},"author":4,"featured_media":0,"comment_status":"open","ping_status":"closed","sticky":false,"template":"","format":"standard","meta":{"_bbp_topic_count":0,"_bbp_reply_count":0,"_bbp_total_topic_count":0,"_bbp_total_reply_count":0,"_bbp_voice_count":0,"_bbp_anonymous_reply_count":0,"_bbp_topic_count_hidden":0,"_bbp_reply_count_hidden":0,"_bbp_forum_subforum_count":0,"footnotes":""},"categories":[3],"tags":[62,287,288],"class_list":["post-9167","post","type-post","status-publish","format-standard","hentry","category-infantil-3-anys","tag-contes","tag-educacio-emocional","tag-vincles"],"post_mailing_queue_ids":[],"_links":{"self":[{"href":"https:\/\/agora.xtec.cat\/ceipvistaalegre\/wp-json\/wp\/v2\/posts\/9167","targetHints":{"allow":["GET"]}}],"collection":[{"href":"https:\/\/agora.xtec.cat\/ceipvistaalegre\/wp-json\/wp\/v2\/posts"}],"about":[{"href":"https:\/\/agora.xtec.cat\/ceipvistaalegre\/wp-json\/wp\/v2\/types\/post"}],"author":[{"embeddable":true,"href":"https:\/\/agora.xtec.cat\/ceipvistaalegre\/wp-json\/wp\/v2\/users\/4"}],"replies":[{"embeddable":true,"href":"https:\/\/agora.xtec.cat\/ceipvistaalegre\/wp-json\/wp\/v2\/comments?post=9167"}],"version-history":[{"count":4,"href":"https:\/\/agora.xtec.cat\/ceipvistaalegre\/wp-json\/wp\/v2\/posts\/9167\/revisions"}],"predecessor-version":[{"id":9174,"href":"https:\/\/agora.xtec.cat\/ceipvistaalegre\/wp-json\/wp\/v2\/posts\/9167\/revisions\/9174"}],"wp:attachment":[{"href":"https:\/\/agora.xtec.cat\/ceipvistaalegre\/wp-json\/wp\/v2\/media?parent=9167"}],"wp:term":[{"taxonomy":"category","embeddable":true,"href":"https:\/\/agora.xtec.cat\/ceipvistaalegre\/wp-json\/wp\/v2\/categories?post=9167"},{"taxonomy":"post_tag","embeddable":true,"href":"https:\/\/agora.xtec.cat\/ceipvistaalegre\/wp-json\/wp\/v2\/tags?post=9167"}],"curies":[{"name":"wp","href":"https:\/\/api.w.org\/{rel}","templated":true}]}}