{"id":9163,"date":"2023-10-26T22:15:31","date_gmt":"2023-10-26T20:15:31","guid":{"rendered":"https:\/\/agora.xtec.cat\/ceipvistaalegre\/?p=9163"},"modified":"2023-10-26T22:15:31","modified_gmt":"2023-10-26T20:15:31","slug":"mercat-municipal-de-la-placa-de-cuba","status":"publish","type":"post","link":"https:\/\/agora.xtec.cat\/ceipvistaalegre\/primaria\/6e\/mercat-municipal-de-la-placa-de-cuba\/","title":{"rendered":"Mercat municipal de la pla\u00e7a de Cuba"},"content":{"rendered":"<p>Avui hem anat al mercat de la pla\u00e7a de Cuba a comprar productes t\u00edpics de la tardor. Tots an\u00e0vem molt ben preparats amb bosses i fins i tot amb el carro de la compra.<\/p>\n<p>Aquesta activitat s&#8217;ha treballat a classe, els vostres fills i filles han portat les llistes de la compra i les quantitats a comprar.<\/p>\n<p>Ha estat una experi\u00e8ncia enriquidora i sobretot motivadora. Hem rigut molt i ha estat molt divertida.<\/p>\n<p><img loading=\"lazy\" decoding=\"async\" class=\"alignnone  wp-image-9164\" src=\"https:\/\/agora.xtec.cat\/ceipvistaalegre\/wp-content\/uploads\/usu1936\/2023\/10\/WhatsApp-Image-2023-10-26-at-18.34.10-1024x768.jpeg\" alt=\"\" width=\"406\" height=\"304\" srcset=\"https:\/\/agora.xtec.cat\/ceipvistaalegre\/wp-content\/uploads\/usu1936\/2023\/10\/WhatsApp-Image-2023-10-26-at-18.34.10-1024x768.jpeg 1024w, https:\/\/agora.xtec.cat\/ceipvistaalegre\/wp-content\/uploads\/usu1936\/2023\/10\/WhatsApp-Image-2023-10-26-at-18.34.10-300x225.jpeg 300w, https:\/\/agora.xtec.cat\/ceipvistaalegre\/wp-content\/uploads\/usu1936\/2023\/10\/WhatsApp-Image-2023-10-26-at-18.34.10-768x576.jpeg 768w, https:\/\/agora.xtec.cat\/ceipvistaalegre\/wp-content\/uploads\/usu1936\/2023\/10\/WhatsApp-Image-2023-10-26-at-18.34.10-1536x1152.jpeg 1536w, https:\/\/agora.xtec.cat\/ceipvistaalegre\/wp-content\/uploads\/usu1936\/2023\/10\/WhatsApp-Image-2023-10-26-at-18.34.10-200x150.jpeg 200w, https:\/\/agora.xtec.cat\/ceipvistaalegre\/wp-content\/uploads\/usu1936\/2023\/10\/WhatsApp-Image-2023-10-26-at-18.34.10.jpeg 1600w\" sizes=\"auto, (max-width: 406px) 100vw, 406px\" \/> <img loading=\"lazy\" decoding=\"async\" class=\"alignnone  wp-image-9165\" src=\"https:\/\/agora.xtec.cat\/ceipvistaalegre\/wp-content\/uploads\/usu1936\/2023\/10\/WhatsApp-Image-2023-10-26-at-18.34.12-1024x768.jpeg\" alt=\"\" width=\"404\" height=\"303\" srcset=\"https:\/\/agora.xtec.cat\/ceipvistaalegre\/wp-content\/uploads\/usu1936\/2023\/10\/WhatsApp-Image-2023-10-26-at-18.34.12-1024x768.jpeg 1024w, https:\/\/agora.xtec.cat\/ceipvistaalegre\/wp-content\/uploads\/usu1936\/2023\/10\/WhatsApp-Image-2023-10-26-at-18.34.12-300x225.jpeg 300w, https:\/\/agora.xtec.cat\/ceipvistaalegre\/wp-content\/uploads\/usu1936\/2023\/10\/WhatsApp-Image-2023-10-26-at-18.34.12-768x576.jpeg 768w, https:\/\/agora.xtec.cat\/ceipvistaalegre\/wp-content\/uploads\/usu1936\/2023\/10\/WhatsApp-Image-2023-10-26-at-18.34.12-1536x1152.jpeg 1536w, https:\/\/agora.xtec.cat\/ceipvistaalegre\/wp-content\/uploads\/usu1936\/2023\/10\/WhatsApp-Image-2023-10-26-at-18.34.12-200x150.jpeg 200w, https:\/\/agora.xtec.cat\/ceipvistaalegre\/wp-content\/uploads\/usu1936\/2023\/10\/WhatsApp-Image-2023-10-26-at-18.34.12.jpeg 1600w\" sizes=\"auto, (max-width: 404px) 100vw, 404px\" \/><\/p>\n<p>&nbsp;<\/p>\n","protected":false},"excerpt":{"rendered":"<p>Avui hem anat al mercat de la pla\u00e7a de Cuba a comprar productes t\u00edpics de la tardor. Tots an\u00e0vem molt ben preparats amb bosses i fins i tot amb el carro de la compra.<br \/>\nAquesta activitat s&#8217;ha treballat a classe, els vostres fills i filles han&hellip;  <a href=\"https:\/\/agora.xtec.cat\/ceipvistaalegre\/primaria\/6e\/mercat-municipal-de-la-placa-de-cuba\/\" title=\"Read Mercat municipal de la pla\u00e7a de Cuba\">Llegeix m\u00e9s\u00bb<\/a><\/p>\n","protected":false},"author":18,"featured_media":0,"comment_status":"open","ping_status":"closed","sticky":false,"template":"","format":"standard","meta":{"_bbp_topic_count":0,"_bbp_reply_count":0,"_bbp_total_topic_count":0,"_bbp_total_reply_count":0,"_bbp_voice_count":0,"_bbp_anonymous_reply_count":0,"_bbp_topic_count_hidden":0,"_bbp_reply_count_hidden":0,"_bbp_forum_subforum_count":0,"footnotes":""},"categories":[15],"tags":[],"class_list":["post-9163","post","type-post","status-publish","format-standard","hentry","category-6e"],"post_mailing_queue_ids":[],"_links":{"self":[{"href":"https:\/\/agora.xtec.cat\/ceipvistaalegre\/wp-json\/wp\/v2\/posts\/9163","targetHints":{"allow":["GET"]}}],"collection":[{"href":"https:\/\/agora.xtec.cat\/ceipvistaalegre\/wp-json\/wp\/v2\/posts"}],"about":[{"href":"https:\/\/agora.xtec.cat\/ceipvistaalegre\/wp-json\/wp\/v2\/types\/post"}],"author":[{"embeddable":true,"href":"https:\/\/agora.xtec.cat\/ceipvistaalegre\/wp-json\/wp\/v2\/users\/18"}],"replies":[{"embeddable":true,"href":"https:\/\/agora.xtec.cat\/ceipvistaalegre\/wp-json\/wp\/v2\/comments?post=9163"}],"version-history":[{"count":1,"href":"https:\/\/agora.xtec.cat\/ceipvistaalegre\/wp-json\/wp\/v2\/posts\/9163\/revisions"}],"predecessor-version":[{"id":9166,"href":"https:\/\/agora.xtec.cat\/ceipvistaalegre\/wp-json\/wp\/v2\/posts\/9163\/revisions\/9166"}],"wp:attachment":[{"href":"https:\/\/agora.xtec.cat\/ceipvistaalegre\/wp-json\/wp\/v2\/media?parent=9163"}],"wp:term":[{"taxonomy":"category","embeddable":true,"href":"https:\/\/agora.xtec.cat\/ceipvistaalegre\/wp-json\/wp\/v2\/categories?post=9163"},{"taxonomy":"post_tag","embeddable":true,"href":"https:\/\/agora.xtec.cat\/ceipvistaalegre\/wp-json\/wp\/v2\/tags?post=9163"}],"curies":[{"name":"wp","href":"https:\/\/api.w.org\/{rel}","templated":true}]}}