{"id":9133,"date":"2023-10-18T19:33:42","date_gmt":"2023-10-18T17:33:42","guid":{"rendered":"https:\/\/agora.xtec.cat\/ceipvistaalegre\/?p=9133"},"modified":"2023-10-18T19:33:42","modified_gmt":"2023-10-18T17:33:42","slug":"fem-oli-a-can-julia","status":"publish","type":"post","link":"https:\/\/agora.xtec.cat\/ceipvistaalegre\/primaria\/2n\/fem-oli-a-can-julia\/","title":{"rendered":"FEM OLI A CAN JULI\u00c0"},"content":{"rendered":"<p>Ahir vam visitar la masia de Can Juli\u00e0 i la Queralt i en Rey ens van ensenyar el proc\u00e9s de l&#8217;elaboraci\u00f3 de l&#8217;oli d&#8217;oliva.<\/p>\n<p>Primer vam fer caure les olives de l&#8217;olivera amb les vares.<\/p>\n<p>Despr\u00e9s les vam rentar i les vam posar a la trituradora per fer una pasta.<\/p>\n<p>La pasta es va posar a la premsa i d&#8217;all\u00e0 va sortir l&#8217;oli que vam guardar en una ampolla per portar a casa.<\/p>\n<p>Hem gaudit molt de l&#8217;experi\u00e8ncia i hem apr\u00e9s un munt de paraules del m\u00f3n de l&#8217;oliva.<\/p>\n<p><a href=\"https:\/\/agora.xtec.cat\/ceipvistaalegre\/wp-content\/uploads\/usu1936\/2023\/10\/IMG_3567.jpg\"><img loading=\"lazy\" decoding=\"async\" class=\"alignnone size-large wp-image-9132\" src=\"https:\/\/agora.xtec.cat\/ceipvistaalegre\/wp-content\/uploads\/usu1936\/2023\/10\/IMG_3567-1024x768.jpg\" alt=\"\" width=\"1024\" height=\"768\" srcset=\"https:\/\/agora.xtec.cat\/ceipvistaalegre\/wp-content\/uploads\/usu1936\/2023\/10\/IMG_3567-1024x768.jpg 1024w, https:\/\/agora.xtec.cat\/ceipvistaalegre\/wp-content\/uploads\/usu1936\/2023\/10\/IMG_3567-300x225.jpg 300w, https:\/\/agora.xtec.cat\/ceipvistaalegre\/wp-content\/uploads\/usu1936\/2023\/10\/IMG_3567-768x576.jpg 768w, https:\/\/agora.xtec.cat\/ceipvistaalegre\/wp-content\/uploads\/usu1936\/2023\/10\/IMG_3567-1536x1153.jpg 1536w, https:\/\/agora.xtec.cat\/ceipvistaalegre\/wp-content\/uploads\/usu1936\/2023\/10\/IMG_3567-2048x1537.jpg 2048w, https:\/\/agora.xtec.cat\/ceipvistaalegre\/wp-content\/uploads\/usu1936\/2023\/10\/IMG_3567-200x150.jpg 200w\" sizes=\"auto, (max-width: 1024px) 100vw, 1024px\" \/><\/a><\/p>\n","protected":false},"excerpt":{"rendered":"<p>Ahir vam visitar la masia de Can Juli\u00e0 i la Queralt i en Rey ens van ensenyar el proc\u00e9s de l&#8217;elaboraci\u00f3 de l&#8217;oli d&#8217;oliva.<br \/>\nPrimer vam fer caure les olives de l&#8217;olivera amb les vares.<br \/>\nDespr\u00e9s les vam rentar i les vam posar a la trituradora per&hellip;  <a href=\"https:\/\/agora.xtec.cat\/ceipvistaalegre\/primaria\/2n\/fem-oli-a-can-julia\/\" title=\"Read FEM OLI A CAN JULI\u00c0\">Llegeix m\u00e9s\u00bb<\/a><\/p>\n","protected":false},"author":9,"featured_media":0,"comment_status":"open","ping_status":"closed","sticky":false,"template":"","format":"standard","meta":{"_bbp_topic_count":0,"_bbp_reply_count":0,"_bbp_total_topic_count":0,"_bbp_total_reply_count":0,"_bbp_voice_count":0,"_bbp_anonymous_reply_count":0,"_bbp_topic_count_hidden":0,"_bbp_reply_count_hidden":0,"_bbp_forum_subforum_count":0,"footnotes":""},"categories":[11],"tags":[],"class_list":["post-9133","post","type-post","status-publish","format-standard","hentry","category-2n"],"post_mailing_queue_ids":[],"_links":{"self":[{"href":"https:\/\/agora.xtec.cat\/ceipvistaalegre\/wp-json\/wp\/v2\/posts\/9133","targetHints":{"allow":["GET"]}}],"collection":[{"href":"https:\/\/agora.xtec.cat\/ceipvistaalegre\/wp-json\/wp\/v2\/posts"}],"about":[{"href":"https:\/\/agora.xtec.cat\/ceipvistaalegre\/wp-json\/wp\/v2\/types\/post"}],"author":[{"embeddable":true,"href":"https:\/\/agora.xtec.cat\/ceipvistaalegre\/wp-json\/wp\/v2\/users\/9"}],"replies":[{"embeddable":true,"href":"https:\/\/agora.xtec.cat\/ceipvistaalegre\/wp-json\/wp\/v2\/comments?post=9133"}],"version-history":[{"count":1,"href":"https:\/\/agora.xtec.cat\/ceipvistaalegre\/wp-json\/wp\/v2\/posts\/9133\/revisions"}],"predecessor-version":[{"id":9134,"href":"https:\/\/agora.xtec.cat\/ceipvistaalegre\/wp-json\/wp\/v2\/posts\/9133\/revisions\/9134"}],"wp:attachment":[{"href":"https:\/\/agora.xtec.cat\/ceipvistaalegre\/wp-json\/wp\/v2\/media?parent=9133"}],"wp:term":[{"taxonomy":"category","embeddable":true,"href":"https:\/\/agora.xtec.cat\/ceipvistaalegre\/wp-json\/wp\/v2\/categories?post=9133"},{"taxonomy":"post_tag","embeddable":true,"href":"https:\/\/agora.xtec.cat\/ceipvistaalegre\/wp-json\/wp\/v2\/tags?post=9133"}],"curies":[{"name":"wp","href":"https:\/\/api.w.org\/{rel}","templated":true}]}}