{"id":9129,"date":"2023-10-18T18:21:15","date_gmt":"2023-10-18T16:21:15","guid":{"rendered":"https:\/\/agora.xtec.cat\/ceipvistaalegre\/?p=9129"},"modified":"2023-10-18T18:21:15","modified_gmt":"2023-10-18T16:21:15","slug":"sortida-de-loli","status":"publish","type":"post","link":"https:\/\/agora.xtec.cat\/ceipvistaalegre\/primaria\/1r\/sortida-de-loli\/","title":{"rendered":"SORTIDA DE L&#8217;OLI"},"content":{"rendered":"<p style=\"text-align: center\">El dia 17 d&#8217;octubre els nens i les nenes de 1r i 2n hem visitat Can Juli\u00e0 per con\u00e8ixer d&#8217;aprop el proc\u00e9s d&#8217;elaboraci\u00f3 de l&#8217;oli d&#8217;oliva. Hem visitat les oliveres, hem recollit les olives, les hem rentat i triturat. Despr\u00e9s hem premsat la pasta d&#8217;oliva i hem aconseguit l&#8217;oli. De regal ens hem emportat una ampolleta d&#8217;oli bon\u00edssim que hem envasat nosaltres mateixos!!<\/p>\n<p><a href=\"https:\/\/agora.xtec.cat\/ceipvistaalegre\/wp-content\/uploads\/usu1936\/2023\/10\/1697548384827-2-1.jpg\"><img loading=\"lazy\" decoding=\"async\" class=\"wp-image-9130 aligncenter\" src=\"https:\/\/agora.xtec.cat\/ceipvistaalegre\/wp-content\/uploads\/usu1936\/2023\/10\/1697548384827-2-1-1024x929.jpg\" alt=\"\" width=\"420\" height=\"381\" srcset=\"https:\/\/agora.xtec.cat\/ceipvistaalegre\/wp-content\/uploads\/usu1936\/2023\/10\/1697548384827-2-1-1024x929.jpg 1024w, https:\/\/agora.xtec.cat\/ceipvistaalegre\/wp-content\/uploads\/usu1936\/2023\/10\/1697548384827-2-1-300x272.jpg 300w, https:\/\/agora.xtec.cat\/ceipvistaalegre\/wp-content\/uploads\/usu1936\/2023\/10\/1697548384827-2-1-768x697.jpg 768w, https:\/\/agora.xtec.cat\/ceipvistaalegre\/wp-content\/uploads\/usu1936\/2023\/10\/1697548384827-2-1-1536x1394.jpg 1536w, https:\/\/agora.xtec.cat\/ceipvistaalegre\/wp-content\/uploads\/usu1936\/2023\/10\/1697548384827-2-1.jpg 1847w\" sizes=\"auto, (max-width: 420px) 100vw, 420px\" \/><\/a><\/p>\n<p style=\"text-align: center\">Una gran experi\u00e8ncia!!<\/p>\n","protected":false},"excerpt":{"rendered":"<p>El dia 17 d&#8217;octubre els nens i les nenes de 1r i 2n hem visitat Can Juli\u00e0 per con\u00e8ixer d&#8217;aprop el proc\u00e9s d&#8217;elaboraci\u00f3 de l&#8217;oli d&#8217;oliva. Hem visitat les oliveres, hem recollit les olives, les hem rentat i triturat. Despr\u00e9s hem premsat la pasta d&#8217;oliva&hellip;  <a href=\"https:\/\/agora.xtec.cat\/ceipvistaalegre\/primaria\/1r\/sortida-de-loli\/\" title=\"Read SORTIDA DE L&#8217;OLI\">Llegeix m\u00e9s\u00bb<\/a><\/p>\n","protected":false},"author":25,"featured_media":0,"comment_status":"open","ping_status":"closed","sticky":false,"template":"","format":"standard","meta":{"_bbp_topic_count":0,"_bbp_reply_count":0,"_bbp_total_topic_count":0,"_bbp_total_reply_count":0,"_bbp_voice_count":0,"_bbp_anonymous_reply_count":0,"_bbp_topic_count_hidden":0,"_bbp_reply_count_hidden":0,"_bbp_forum_subforum_count":0,"footnotes":""},"categories":[10],"tags":[],"class_list":["post-9129","post","type-post","status-publish","format-standard","hentry","category-1r"],"post_mailing_queue_ids":[],"_links":{"self":[{"href":"https:\/\/agora.xtec.cat\/ceipvistaalegre\/wp-json\/wp\/v2\/posts\/9129","targetHints":{"allow":["GET"]}}],"collection":[{"href":"https:\/\/agora.xtec.cat\/ceipvistaalegre\/wp-json\/wp\/v2\/posts"}],"about":[{"href":"https:\/\/agora.xtec.cat\/ceipvistaalegre\/wp-json\/wp\/v2\/types\/post"}],"author":[{"embeddable":true,"href":"https:\/\/agora.xtec.cat\/ceipvistaalegre\/wp-json\/wp\/v2\/users\/25"}],"replies":[{"embeddable":true,"href":"https:\/\/agora.xtec.cat\/ceipvistaalegre\/wp-json\/wp\/v2\/comments?post=9129"}],"version-history":[{"count":1,"href":"https:\/\/agora.xtec.cat\/ceipvistaalegre\/wp-json\/wp\/v2\/posts\/9129\/revisions"}],"predecessor-version":[{"id":9131,"href":"https:\/\/agora.xtec.cat\/ceipvistaalegre\/wp-json\/wp\/v2\/posts\/9129\/revisions\/9131"}],"wp:attachment":[{"href":"https:\/\/agora.xtec.cat\/ceipvistaalegre\/wp-json\/wp\/v2\/media?parent=9129"}],"wp:term":[{"taxonomy":"category","embeddable":true,"href":"https:\/\/agora.xtec.cat\/ceipvistaalegre\/wp-json\/wp\/v2\/categories?post=9129"},{"taxonomy":"post_tag","embeddable":true,"href":"https:\/\/agora.xtec.cat\/ceipvistaalegre\/wp-json\/wp\/v2\/tags?post=9129"}],"curies":[{"name":"wp","href":"https:\/\/api.w.org\/{rel}","templated":true}]}}