{"id":9116,"date":"2023-10-10T23:00:39","date_gmt":"2023-10-10T21:00:39","guid":{"rendered":"https:\/\/agora.xtec.cat\/ceipvistaalegre\/?p=9116"},"modified":"2023-10-10T23:00:39","modified_gmt":"2023-10-10T21:00:39","slug":"tallers-frida-kahlo","status":"publish","type":"post","link":"https:\/\/agora.xtec.cat\/ceipvistaalegre\/primaria\/6e\/tallers-frida-kahlo\/","title":{"rendered":"Tallers: Frida Kahlo"},"content":{"rendered":"<p>Aquest curs a l&#8217;\u00e0rea d&#8217;educaci\u00f3 art\u00edstica es treballa l&#8217;artista Frida Kahlo. Pr\u00e8viament es va treballar la seva biografia a l&#8217;\u00e0rea de catal\u00e0.<\/p>\n<p>Els alumnes de cinqu\u00e8 i sis\u00e8 es barregen per treballar la mateixa artista. A la primera sessi\u00f3 es treballa la simetria, cada nen i nena elabora la seva obra d&#8217;art. Va ser una activitat molt divertida i original.<\/p>\n<p><img loading=\"lazy\" decoding=\"async\" class=\"alignnone  wp-image-9117\" src=\"https:\/\/agora.xtec.cat\/ceipvistaalegre\/wp-content\/uploads\/usu1936\/2023\/10\/WhatsApp-Image-2023-10-10-at-22.55.35-1024x768.jpeg\" alt=\"\" width=\"306\" height=\"229\" srcset=\"https:\/\/agora.xtec.cat\/ceipvistaalegre\/wp-content\/uploads\/usu1936\/2023\/10\/WhatsApp-Image-2023-10-10-at-22.55.35-1024x768.jpeg 1024w, https:\/\/agora.xtec.cat\/ceipvistaalegre\/wp-content\/uploads\/usu1936\/2023\/10\/WhatsApp-Image-2023-10-10-at-22.55.35-300x225.jpeg 300w, https:\/\/agora.xtec.cat\/ceipvistaalegre\/wp-content\/uploads\/usu1936\/2023\/10\/WhatsApp-Image-2023-10-10-at-22.55.35-768x576.jpeg 768w, https:\/\/agora.xtec.cat\/ceipvistaalegre\/wp-content\/uploads\/usu1936\/2023\/10\/WhatsApp-Image-2023-10-10-at-22.55.35-1536x1152.jpeg 1536w, https:\/\/agora.xtec.cat\/ceipvistaalegre\/wp-content\/uploads\/usu1936\/2023\/10\/WhatsApp-Image-2023-10-10-at-22.55.35-200x150.jpeg 200w, https:\/\/agora.xtec.cat\/ceipvistaalegre\/wp-content\/uploads\/usu1936\/2023\/10\/WhatsApp-Image-2023-10-10-at-22.55.35.jpeg 2048w\" sizes=\"auto, (max-width: 306px) 100vw, 306px\" \/> <img loading=\"lazy\" decoding=\"async\" class=\"alignnone  wp-image-9118\" src=\"https:\/\/agora.xtec.cat\/ceipvistaalegre\/wp-content\/uploads\/usu1936\/2023\/10\/WhatsApp-Image-2023-10-10-at-22.56.16-1024x768.jpeg\" alt=\"\" width=\"308\" height=\"231\" srcset=\"https:\/\/agora.xtec.cat\/ceipvistaalegre\/wp-content\/uploads\/usu1936\/2023\/10\/WhatsApp-Image-2023-10-10-at-22.56.16-1024x768.jpeg 1024w, https:\/\/agora.xtec.cat\/ceipvistaalegre\/wp-content\/uploads\/usu1936\/2023\/10\/WhatsApp-Image-2023-10-10-at-22.56.16-300x225.jpeg 300w, https:\/\/agora.xtec.cat\/ceipvistaalegre\/wp-content\/uploads\/usu1936\/2023\/10\/WhatsApp-Image-2023-10-10-at-22.56.16-768x576.jpeg 768w, https:\/\/agora.xtec.cat\/ceipvistaalegre\/wp-content\/uploads\/usu1936\/2023\/10\/WhatsApp-Image-2023-10-10-at-22.56.16-1536x1152.jpeg 1536w, https:\/\/agora.xtec.cat\/ceipvistaalegre\/wp-content\/uploads\/usu1936\/2023\/10\/WhatsApp-Image-2023-10-10-at-22.56.16-200x150.jpeg 200w, https:\/\/agora.xtec.cat\/ceipvistaalegre\/wp-content\/uploads\/usu1936\/2023\/10\/WhatsApp-Image-2023-10-10-at-22.56.16.jpeg 2048w\" sizes=\"auto, (max-width: 308px) 100vw, 308px\" \/><\/p>\n","protected":false},"excerpt":{"rendered":"<p>Aquest curs a l&#8217;\u00e0rea d&#8217;educaci\u00f3 art\u00edstica es treballa l&#8217;artista Frida Kahlo. Pr\u00e8viament es va treballar la seva biografia a l&#8217;\u00e0rea de catal\u00e0.<br \/>\nEls alumnes de cinqu\u00e8 i sis\u00e8 es barregen per treballar la mateixa artista. A la primera sessi\u00f3 es treballa la simetria, cada nen i&hellip;  <a href=\"https:\/\/agora.xtec.cat\/ceipvistaalegre\/primaria\/6e\/tallers-frida-kahlo\/\" title=\"Read Tallers: Frida Kahlo\">Llegeix m\u00e9s\u00bb<\/a><\/p>\n","protected":false},"author":18,"featured_media":0,"comment_status":"open","ping_status":"closed","sticky":false,"template":"","format":"standard","meta":{"_bbp_topic_count":0,"_bbp_reply_count":0,"_bbp_total_topic_count":0,"_bbp_total_reply_count":0,"_bbp_voice_count":0,"_bbp_anonymous_reply_count":0,"_bbp_topic_count_hidden":0,"_bbp_reply_count_hidden":0,"_bbp_forum_subforum_count":0,"footnotes":""},"categories":[15],"tags":[],"class_list":["post-9116","post","type-post","status-publish","format-standard","hentry","category-6e"],"post_mailing_queue_ids":[],"_links":{"self":[{"href":"https:\/\/agora.xtec.cat\/ceipvistaalegre\/wp-json\/wp\/v2\/posts\/9116","targetHints":{"allow":["GET"]}}],"collection":[{"href":"https:\/\/agora.xtec.cat\/ceipvistaalegre\/wp-json\/wp\/v2\/posts"}],"about":[{"href":"https:\/\/agora.xtec.cat\/ceipvistaalegre\/wp-json\/wp\/v2\/types\/post"}],"author":[{"embeddable":true,"href":"https:\/\/agora.xtec.cat\/ceipvistaalegre\/wp-json\/wp\/v2\/users\/18"}],"replies":[{"embeddable":true,"href":"https:\/\/agora.xtec.cat\/ceipvistaalegre\/wp-json\/wp\/v2\/comments?post=9116"}],"version-history":[{"count":1,"href":"https:\/\/agora.xtec.cat\/ceipvistaalegre\/wp-json\/wp\/v2\/posts\/9116\/revisions"}],"predecessor-version":[{"id":9119,"href":"https:\/\/agora.xtec.cat\/ceipvistaalegre\/wp-json\/wp\/v2\/posts\/9116\/revisions\/9119"}],"wp:attachment":[{"href":"https:\/\/agora.xtec.cat\/ceipvistaalegre\/wp-json\/wp\/v2\/media?parent=9116"}],"wp:term":[{"taxonomy":"category","embeddable":true,"href":"https:\/\/agora.xtec.cat\/ceipvistaalegre\/wp-json\/wp\/v2\/categories?post=9116"},{"taxonomy":"post_tag","embeddable":true,"href":"https:\/\/agora.xtec.cat\/ceipvistaalegre\/wp-json\/wp\/v2\/tags?post=9116"}],"curies":[{"name":"wp","href":"https:\/\/api.w.org\/{rel}","templated":true}]}}