{"id":9100,"date":"2023-10-23T14:04:29","date_gmt":"2023-10-23T12:04:29","guid":{"rendered":"https:\/\/agora.xtec.cat\/ceipvistaalegre\/?p=9100"},"modified":"2023-11-13T20:35:01","modified_gmt":"2023-11-13T19:35:01","slug":"soms-les-nenes-i-els-nens-dinfantil","status":"publish","type":"post","link":"https:\/\/agora.xtec.cat\/ceipvistaalegre\/infantil\/soms-les-nenes-i-els-nens-dinfantil\/","title":{"rendered":"SOMS LES NENES I ELS NENS D&#8217;INFANTIL"},"content":{"rendered":"<p>&nbsp;<\/p>\n<p>Les nenes i els nens d\u2019Infantil donem la benvinguda al nou curs 2023-2024 amb molta alegria, il\u00b7lusi\u00f3 i amb moltes ganes de viure fant\u00e0stiques experi\u00e8ncies.<\/p>\n<p style=\"text-align: center;\">SOM ELS NENS I LES NENES D\u2019I3<\/p>\n<p><a href=\"https:\/\/agora.xtec.cat\/ceipvistaalegre\/infantil\/infantil-3-anys\/soms-les-nenes-i-els-nens-dinfantil\/attachment\/img_6064-1\/\" rel=\"attachment wp-att-9139\"><img loading=\"lazy\" decoding=\"async\" class=\"aligncenter wp-image-9139 \" src=\"https:\/\/agora.xtec.cat\/ceipvistaalegre\/wp-content\/uploads\/usu1936\/2023\/09\/IMG_6064-1-768x1024.jpg\" alt=\"\" width=\"360\" height=\"480\" srcset=\"https:\/\/agora.xtec.cat\/ceipvistaalegre\/wp-content\/uploads\/usu1936\/2023\/09\/IMG_6064-1-768x1024.jpg 768w, https:\/\/agora.xtec.cat\/ceipvistaalegre\/wp-content\/uploads\/usu1936\/2023\/09\/IMG_6064-1-225x300.jpg 225w, https:\/\/agora.xtec.cat\/ceipvistaalegre\/wp-content\/uploads\/usu1936\/2023\/09\/IMG_6064-1-1152x1536.jpg 1152w, https:\/\/agora.xtec.cat\/ceipvistaalegre\/wp-content\/uploads\/usu1936\/2023\/09\/IMG_6064-1-1536x2048.jpg 1536w, https:\/\/agora.xtec.cat\/ceipvistaalegre\/wp-content\/uploads\/usu1936\/2023\/09\/IMG_6064-1-scaled.jpg 1920w\" sizes=\"auto, (max-width: 360px) 100vw, 360px\" \/><\/a><\/p>\n<p style=\"text-align: center;\">SOM EL NENS I LE NENES D\u2019I4<\/p>\n<p>&nbsp;<\/p>\n<p><a href=\"https:\/\/agora.xtec.cat\/ceipvistaalegre\/wp-content\/uploads\/usu1936\/2023\/09\/1695583581894.jpg\"><img loading=\"lazy\" decoding=\"async\" class=\"wp-image-9101 size-full aligncenter\" src=\"https:\/\/agora.xtec.cat\/ceipvistaalegre\/wp-content\/uploads\/usu1936\/2023\/09\/1695583581894.jpg\" alt=\"\" width=\"448\" height=\"336\" srcset=\"https:\/\/agora.xtec.cat\/ceipvistaalegre\/wp-content\/uploads\/usu1936\/2023\/09\/1695583581894.jpg 448w, https:\/\/agora.xtec.cat\/ceipvistaalegre\/wp-content\/uploads\/usu1936\/2023\/09\/1695583581894-300x225.jpg 300w, https:\/\/agora.xtec.cat\/ceipvistaalegre\/wp-content\/uploads\/usu1936\/2023\/09\/1695583581894-200x150.jpg 200w\" sizes=\"auto, (max-width: 448px) 100vw, 448px\" \/><\/a><\/p>\n<p style=\"text-align: center;\">SOM ELS NENS I LES NENES D\u2019I5<\/p>\n<p><a href=\"https:\/\/agora.xtec.cat\/ceipvistaalegre\/wp-content\/uploads\/usu1936\/2023\/09\/IMG20230925114145.jpg\"><img loading=\"lazy\" decoding=\"async\" class=\"size-full wp-image-9102 aligncenter\" src=\"https:\/\/agora.xtec.cat\/ceipvistaalegre\/wp-content\/uploads\/usu1936\/2023\/09\/IMG20230925114145.jpg\" alt=\"\" width=\"448\" height=\"336\" srcset=\"https:\/\/agora.xtec.cat\/ceipvistaalegre\/wp-content\/uploads\/usu1936\/2023\/09\/IMG20230925114145.jpg 448w, https:\/\/agora.xtec.cat\/ceipvistaalegre\/wp-content\/uploads\/usu1936\/2023\/09\/IMG20230925114145-300x225.jpg 300w, https:\/\/agora.xtec.cat\/ceipvistaalegre\/wp-content\/uploads\/usu1936\/2023\/09\/IMG20230925114145-200x150.jpg 200w\" sizes=\"auto, (max-width: 448px) 100vw, 448px\" \/><\/a><\/p>\n","protected":false},"excerpt":{"rendered":"<p>&nbsp;<br \/>\nLes nenes i els nens d\u2019Infantil donem la benvinguda al nou curs 2023-2024 amb molta alegria, il\u00b7lusi\u00f3 i amb moltes ganes de viure fant\u00e0stiques experi\u00e8ncies.<br \/>\nSOM ELS NENS I LES NENES D\u2019I3<br \/>\n<a href=\"https:\/\/agora.xtec.cat\/ceipvistaalegre\/infantil\/infantil-3-anys\/soms-les-nenes-i-els-nens-dinfantil\/attachment\/img_6064-1\/\" rel=\"attachment wp-att-9139\"><\/a><br \/>\nSOM EL NENS I LE NENES D\u2019I4<br \/>\n&nbsp;<br \/>\n<a href=\"https:\/\/agora.xtec.cat\/ceipvistaalegre\/wp-content\/uploads\/usu1936\/2023\/09\/1695583581894.jpg\"><\/a><br \/>\nSOM ELS NENS I LES&hellip;  <a href=\"https:\/\/agora.xtec.cat\/ceipvistaalegre\/infantil\/soms-les-nenes-i-els-nens-dinfantil\/\" title=\"Read SOMS LES NENES I ELS NENS D&#8217;INFANTIL\">Llegeix m\u00e9s\u00bb<\/a><\/p>\n","protected":false},"author":15,"featured_media":0,"comment_status":"open","ping_status":"closed","sticky":false,"template":"","format":"standard","meta":{"_bbp_topic_count":0,"_bbp_reply_count":0,"_bbp_total_topic_count":0,"_bbp_total_reply_count":0,"_bbp_voice_count":0,"_bbp_anonymous_reply_count":0,"_bbp_topic_count_hidden":0,"_bbp_reply_count_hidden":0,"_bbp_forum_subforum_count":0,"footnotes":""},"categories":[3,8,225,2],"tags":[247,284,285],"class_list":["post-9100","post","type-post","status-publish","format-standard","hentry","category-infantil-3-anys","category-infantil-4-anys","category-infantil-5-anys","category-infantil","tag-i3","tag-i4","tag-i5"],"post_mailing_queue_ids":[],"_links":{"self":[{"href":"https:\/\/agora.xtec.cat\/ceipvistaalegre\/wp-json\/wp\/v2\/posts\/9100","targetHints":{"allow":["GET"]}}],"collection":[{"href":"https:\/\/agora.xtec.cat\/ceipvistaalegre\/wp-json\/wp\/v2\/posts"}],"about":[{"href":"https:\/\/agora.xtec.cat\/ceipvistaalegre\/wp-json\/wp\/v2\/types\/post"}],"author":[{"embeddable":true,"href":"https:\/\/agora.xtec.cat\/ceipvistaalegre\/wp-json\/wp\/v2\/users\/15"}],"replies":[{"embeddable":true,"href":"https:\/\/agora.xtec.cat\/ceipvistaalegre\/wp-json\/wp\/v2\/comments?post=9100"}],"version-history":[{"count":6,"href":"https:\/\/agora.xtec.cat\/ceipvistaalegre\/wp-json\/wp\/v2\/posts\/9100\/revisions"}],"predecessor-version":[{"id":9140,"href":"https:\/\/agora.xtec.cat\/ceipvistaalegre\/wp-json\/wp\/v2\/posts\/9100\/revisions\/9140"}],"wp:attachment":[{"href":"https:\/\/agora.xtec.cat\/ceipvistaalegre\/wp-json\/wp\/v2\/media?parent=9100"}],"wp:term":[{"taxonomy":"category","embeddable":true,"href":"https:\/\/agora.xtec.cat\/ceipvistaalegre\/wp-json\/wp\/v2\/categories?post=9100"},{"taxonomy":"post_tag","embeddable":true,"href":"https:\/\/agora.xtec.cat\/ceipvistaalegre\/wp-json\/wp\/v2\/tags?post=9100"}],"curies":[{"name":"wp","href":"https:\/\/api.w.org\/{rel}","templated":true}]}}