{"id":9089,"date":"2023-09-25T23:59:00","date_gmt":"2023-09-25T21:59:00","guid":{"rendered":"https:\/\/agora.xtec.cat\/ceipvistaalegre\/?p=9089"},"modified":"2023-09-25T23:59:00","modified_gmt":"2023-09-25T21:59:00","slug":"projecte-area-de-medi-natural-i-social","status":"publish","type":"post","link":"https:\/\/agora.xtec.cat\/ceipvistaalegre\/primaria\/6e\/projecte-area-de-medi-natural-i-social\/","title":{"rendered":"Projecte: \u00e0rea de medi natural i social."},"content":{"rendered":"<p>Els alumnes de sis\u00e8, des de l&#8217;\u00e0rea de Medi Social han comen\u00e7at a fer el primer projecte. El relleu d&#8217;Europa, Espanya i Catalunya.<\/p>\n<p>Aquest projecte comen\u00e7a amb una situaci\u00f3 d&#8217;aprenentatge i se&#8217;ls va fer aquesta pregunta: &#8220;Qu\u00e8 passaria si no existissin les muntanyes? Els alumnes a partir d&#8217;aqu\u00ed van comen\u00e7ar a respondre\u00a0 moltes preguntes, i ara toca investigar i fer la reserca.<\/p>\n<p><img loading=\"lazy\" decoding=\"async\" class=\"alignnone  wp-image-9090\" src=\"https:\/\/agora.xtec.cat\/ceipvistaalegre\/wp-content\/uploads\/usu1936\/2023\/09\/WhatsApp-Image-2023-09-25-at-23.48.04-1024x768.jpeg\" alt=\"\" width=\"232\" height=\"174\" srcset=\"https:\/\/agora.xtec.cat\/ceipvistaalegre\/wp-content\/uploads\/usu1936\/2023\/09\/WhatsApp-Image-2023-09-25-at-23.48.04-1024x768.jpeg 1024w, https:\/\/agora.xtec.cat\/ceipvistaalegre\/wp-content\/uploads\/usu1936\/2023\/09\/WhatsApp-Image-2023-09-25-at-23.48.04-300x225.jpeg 300w, https:\/\/agora.xtec.cat\/ceipvistaalegre\/wp-content\/uploads\/usu1936\/2023\/09\/WhatsApp-Image-2023-09-25-at-23.48.04-768x576.jpeg 768w, https:\/\/agora.xtec.cat\/ceipvistaalegre\/wp-content\/uploads\/usu1936\/2023\/09\/WhatsApp-Image-2023-09-25-at-23.48.04-1536x1152.jpeg 1536w, https:\/\/agora.xtec.cat\/ceipvistaalegre\/wp-content\/uploads\/usu1936\/2023\/09\/WhatsApp-Image-2023-09-25-at-23.48.04-200x150.jpeg 200w, https:\/\/agora.xtec.cat\/ceipvistaalegre\/wp-content\/uploads\/usu1936\/2023\/09\/WhatsApp-Image-2023-09-25-at-23.48.04.jpeg 2048w\" sizes=\"auto, (max-width: 232px) 100vw, 232px\" \/> <a href=\"https:\/\/agora.xtec.cat\/ceipvistaalegre\/wp-content\/uploads\/usu1936\/2023\/09\/WhatsApp-Image-2023-09-25-at-23.48.56.jpeg\"><img loading=\"lazy\" decoding=\"async\" class=\"alignnone  wp-image-9092\" src=\"https:\/\/agora.xtec.cat\/ceipvistaalegre\/wp-content\/uploads\/usu1936\/2023\/09\/WhatsApp-Image-2023-09-25-at-23.48.56-1024x768.jpeg\" alt=\"\" width=\"235\" height=\"176\" srcset=\"https:\/\/agora.xtec.cat\/ceipvistaalegre\/wp-content\/uploads\/usu1936\/2023\/09\/WhatsApp-Image-2023-09-25-at-23.48.56-1024x768.jpeg 1024w, https:\/\/agora.xtec.cat\/ceipvistaalegre\/wp-content\/uploads\/usu1936\/2023\/09\/WhatsApp-Image-2023-09-25-at-23.48.56-300x225.jpeg 300w, https:\/\/agora.xtec.cat\/ceipvistaalegre\/wp-content\/uploads\/usu1936\/2023\/09\/WhatsApp-Image-2023-09-25-at-23.48.56-768x576.jpeg 768w, https:\/\/agora.xtec.cat\/ceipvistaalegre\/wp-content\/uploads\/usu1936\/2023\/09\/WhatsApp-Image-2023-09-25-at-23.48.56-1536x1152.jpeg 1536w, https:\/\/agora.xtec.cat\/ceipvistaalegre\/wp-content\/uploads\/usu1936\/2023\/09\/WhatsApp-Image-2023-09-25-at-23.48.56-200x150.jpeg 200w, https:\/\/agora.xtec.cat\/ceipvistaalegre\/wp-content\/uploads\/usu1936\/2023\/09\/WhatsApp-Image-2023-09-25-at-23.48.56.jpeg 2048w\" sizes=\"auto, (max-width: 235px) 100vw, 235px\" \/><\/a><\/p>\n<p>&nbsp;<\/p>\n","protected":false},"excerpt":{"rendered":"<p>Els alumnes de sis\u00e8, des de l&#8217;\u00e0rea de Medi Social han comen\u00e7at a fer el primer projecte. El relleu d&#8217;Europa, Espanya i Catalunya.<br \/>\nAquest projecte comen\u00e7a amb una situaci\u00f3 d&#8217;aprenentatge i se&#8217;ls va fer aquesta pregunta: &#8220;Qu\u00e8 passaria si no existissin les muntanyes? Els alumnes a&hellip;  <a href=\"https:\/\/agora.xtec.cat\/ceipvistaalegre\/primaria\/6e\/projecte-area-de-medi-natural-i-social\/\" title=\"Read Projecte: \u00e0rea de medi natural i social.\">Llegeix m\u00e9s\u00bb<\/a><\/p>\n","protected":false},"author":18,"featured_media":0,"comment_status":"open","ping_status":"closed","sticky":false,"template":"","format":"standard","meta":{"_bbp_topic_count":0,"_bbp_reply_count":0,"_bbp_total_topic_count":0,"_bbp_total_reply_count":0,"_bbp_voice_count":0,"_bbp_anonymous_reply_count":0,"_bbp_topic_count_hidden":0,"_bbp_reply_count_hidden":0,"_bbp_forum_subforum_count":0,"footnotes":""},"categories":[15],"tags":[],"class_list":["post-9089","post","type-post","status-publish","format-standard","hentry","category-6e"],"post_mailing_queue_ids":[],"_links":{"self":[{"href":"https:\/\/agora.xtec.cat\/ceipvistaalegre\/wp-json\/wp\/v2\/posts\/9089","targetHints":{"allow":["GET"]}}],"collection":[{"href":"https:\/\/agora.xtec.cat\/ceipvistaalegre\/wp-json\/wp\/v2\/posts"}],"about":[{"href":"https:\/\/agora.xtec.cat\/ceipvistaalegre\/wp-json\/wp\/v2\/types\/post"}],"author":[{"embeddable":true,"href":"https:\/\/agora.xtec.cat\/ceipvistaalegre\/wp-json\/wp\/v2\/users\/18"}],"replies":[{"embeddable":true,"href":"https:\/\/agora.xtec.cat\/ceipvistaalegre\/wp-json\/wp\/v2\/comments?post=9089"}],"version-history":[{"count":1,"href":"https:\/\/agora.xtec.cat\/ceipvistaalegre\/wp-json\/wp\/v2\/posts\/9089\/revisions"}],"predecessor-version":[{"id":9093,"href":"https:\/\/agora.xtec.cat\/ceipvistaalegre\/wp-json\/wp\/v2\/posts\/9089\/revisions\/9093"}],"wp:attachment":[{"href":"https:\/\/agora.xtec.cat\/ceipvistaalegre\/wp-json\/wp\/v2\/media?parent=9089"}],"wp:term":[{"taxonomy":"category","embeddable":true,"href":"https:\/\/agora.xtec.cat\/ceipvistaalegre\/wp-json\/wp\/v2\/categories?post=9089"},{"taxonomy":"post_tag","embeddable":true,"href":"https:\/\/agora.xtec.cat\/ceipvistaalegre\/wp-json\/wp\/v2\/tags?post=9089"}],"curies":[{"name":"wp","href":"https:\/\/api.w.org\/{rel}","templated":true}]}}