{"id":9066,"date":"2023-09-17T17:20:52","date_gmt":"2023-09-17T15:20:52","guid":{"rendered":"https:\/\/agora.xtec.cat\/ceipvistaalegre\/?p=9066"},"modified":"2023-09-17T17:20:52","modified_gmt":"2023-09-17T15:20:52","slug":"estem-a-segon","status":"publish","type":"post","link":"https:\/\/agora.xtec.cat\/ceipvistaalegre\/primaria\/2n\/estem-a-segon\/","title":{"rendered":"ESTEM A SEGON!"},"content":{"rendered":"<p>Comen\u00e7a el nou curs i ja som a SEGON! Amb molta il\u00b7lusi\u00f3 i el desitg de gaudir molt de l&#8217;experi\u00e8ncia, acabarem el primer cicle i serem els m\u00e9s grans del nostre edifici. Qu\u00e8 r\u00e0pid passa el temps!!<\/p>\n<p>Amb alguna cara nova, ens presemtem aquest setembre. Salutacions fam\u00edlies!<\/p>\n<p><a href=\"https:\/\/agora.xtec.cat\/ceipvistaalegre\/wp-content\/uploads\/usu1936\/2023\/09\/eafab6b8-a609-4b1f-833b-7bfa8c5ab012.jpg\"><img loading=\"lazy\" decoding=\"async\" class=\"alignnone size-full wp-image-9065\" src=\"https:\/\/agora.xtec.cat\/ceipvistaalegre\/wp-content\/uploads\/usu1936\/2023\/09\/eafab6b8-a609-4b1f-833b-7bfa8c5ab012.jpg\" alt=\"\" width=\"1024\" height=\"768\" srcset=\"https:\/\/agora.xtec.cat\/ceipvistaalegre\/wp-content\/uploads\/usu1936\/2023\/09\/eafab6b8-a609-4b1f-833b-7bfa8c5ab012.jpg 1024w, https:\/\/agora.xtec.cat\/ceipvistaalegre\/wp-content\/uploads\/usu1936\/2023\/09\/eafab6b8-a609-4b1f-833b-7bfa8c5ab012-300x225.jpg 300w, https:\/\/agora.xtec.cat\/ceipvistaalegre\/wp-content\/uploads\/usu1936\/2023\/09\/eafab6b8-a609-4b1f-833b-7bfa8c5ab012-768x576.jpg 768w, https:\/\/agora.xtec.cat\/ceipvistaalegre\/wp-content\/uploads\/usu1936\/2023\/09\/eafab6b8-a609-4b1f-833b-7bfa8c5ab012-200x150.jpg 200w\" sizes=\"auto, (max-width: 1024px) 100vw, 1024px\" \/><\/a><\/p>\n","protected":false},"excerpt":{"rendered":"<p>Comen\u00e7a el nou curs i ja som a SEGON! Amb molta il\u00b7lusi\u00f3 i el desitg de gaudir molt de l&#8217;experi\u00e8ncia, acabarem el primer cicle i serem els m\u00e9s grans del nostre edifici. Qu\u00e8 r\u00e0pid passa el temps!!<br \/>\nAmb alguna cara nova, ens presemtem aquest setembre. Salutacions&hellip;  <a href=\"https:\/\/agora.xtec.cat\/ceipvistaalegre\/primaria\/2n\/estem-a-segon\/\" title=\"Read ESTEM A SEGON!\">Llegeix m\u00e9s\u00bb<\/a><\/p>\n","protected":false},"author":9,"featured_media":0,"comment_status":"open","ping_status":"closed","sticky":false,"template":"","format":"standard","meta":{"_bbp_topic_count":0,"_bbp_reply_count":0,"_bbp_total_topic_count":0,"_bbp_total_reply_count":0,"_bbp_voice_count":0,"_bbp_anonymous_reply_count":0,"_bbp_topic_count_hidden":0,"_bbp_reply_count_hidden":0,"_bbp_forum_subforum_count":0,"footnotes":""},"categories":[11],"tags":[],"class_list":["post-9066","post","type-post","status-publish","format-standard","hentry","category-2n"],"post_mailing_queue_ids":[],"_links":{"self":[{"href":"https:\/\/agora.xtec.cat\/ceipvistaalegre\/wp-json\/wp\/v2\/posts\/9066","targetHints":{"allow":["GET"]}}],"collection":[{"href":"https:\/\/agora.xtec.cat\/ceipvistaalegre\/wp-json\/wp\/v2\/posts"}],"about":[{"href":"https:\/\/agora.xtec.cat\/ceipvistaalegre\/wp-json\/wp\/v2\/types\/post"}],"author":[{"embeddable":true,"href":"https:\/\/agora.xtec.cat\/ceipvistaalegre\/wp-json\/wp\/v2\/users\/9"}],"replies":[{"embeddable":true,"href":"https:\/\/agora.xtec.cat\/ceipvistaalegre\/wp-json\/wp\/v2\/comments?post=9066"}],"version-history":[{"count":1,"href":"https:\/\/agora.xtec.cat\/ceipvistaalegre\/wp-json\/wp\/v2\/posts\/9066\/revisions"}],"predecessor-version":[{"id":9067,"href":"https:\/\/agora.xtec.cat\/ceipvistaalegre\/wp-json\/wp\/v2\/posts\/9066\/revisions\/9067"}],"wp:attachment":[{"href":"https:\/\/agora.xtec.cat\/ceipvistaalegre\/wp-json\/wp\/v2\/media?parent=9066"}],"wp:term":[{"taxonomy":"category","embeddable":true,"href":"https:\/\/agora.xtec.cat\/ceipvistaalegre\/wp-json\/wp\/v2\/categories?post=9066"},{"taxonomy":"post_tag","embeddable":true,"href":"https:\/\/agora.xtec.cat\/ceipvistaalegre\/wp-json\/wp\/v2\/tags?post=9066"}],"curies":[{"name":"wp","href":"https:\/\/api.w.org\/{rel}","templated":true}]}}