{"id":8995,"date":"2023-06-20T10:32:39","date_gmt":"2023-06-20T08:32:39","guid":{"rendered":"https:\/\/agora.xtec.cat\/ceipvistaalegre\/?p=8995"},"modified":"2023-06-20T10:34:02","modified_gmt":"2023-06-20T08:34:02","slug":"projecte-gira-sols","status":"publish","type":"post","link":"https:\/\/agora.xtec.cat\/ceipvistaalegre\/infantil\/infantil-5-anys\/projecte-gira-sols\/","title":{"rendered":"PROJECTE GIRA-SOLS"},"content":{"rendered":"<p>Els nens i nenes de I5 hem realitzat el projecte dels gira-sols.<\/p>\n<p>El vam comen\u00e7ar al segon trimestre, plantant les pipes en dos formats diferents. En pocs dies, vam poder comprovar que en planter petit el gira-sol havia crescut amb m\u00e9s for\u00e7a que a la planta gran. Aix\u00ed quan el planter va tenir una mida adequada, el vam trasplantar. Al llarg dels mesos, hem cuidat i mimat les nostres plantes de gira-sols, posant-les al sol i regant-les. Hem anat fent l&#8217;observaci\u00f3, hem llegit informacions i contes realcionats, hem fet treballs de llenguatge pl\u00e0stic, oral i escrit. Finalment hem vist el resultat: UNES PRECIOSES FLORS DE GIRA-SOLS. Hem acabat el curs fent el tastet de les pipes.<\/p>\n<p>Quin orgull, quina il\u00b7lusi\u00f3! Hem gaudit a tope d&#8217;aquest projecte!<\/p>\n<p><a href=\"https:\/\/docs.google.com\/presentation\/d\/19SC723PYbcFTOY1HY_ldnUU6EboG3MY0ZYKOwbC4PG0\/edit?usp=drive_link\">PROJECTE GIRA-SOLS<\/a><\/p>\n<p><a href=\"https:\/\/agora.xtec.cat\/ceipvistaalegre\/wp-content\/uploads\/usu1936\/2023\/06\/IMG_20230524_101753_11zon-scaled.jpg\"><img loading=\"lazy\" decoding=\"async\" class=\"wp-image-8999 aligncenter\" src=\"https:\/\/agora.xtec.cat\/ceipvistaalegre\/wp-content\/uploads\/usu1936\/2023\/06\/IMG_20230524_101753_11zon-1024x577.jpg\" alt=\"\" width=\"666\" height=\"375\" srcset=\"https:\/\/agora.xtec.cat\/ceipvistaalegre\/wp-content\/uploads\/usu1936\/2023\/06\/IMG_20230524_101753_11zon-1024x577.jpg 1024w, https:\/\/agora.xtec.cat\/ceipvistaalegre\/wp-content\/uploads\/usu1936\/2023\/06\/IMG_20230524_101753_11zon-300x169.jpg 300w, https:\/\/agora.xtec.cat\/ceipvistaalegre\/wp-content\/uploads\/usu1936\/2023\/06\/IMG_20230524_101753_11zon-768x432.jpg 768w, https:\/\/agora.xtec.cat\/ceipvistaalegre\/wp-content\/uploads\/usu1936\/2023\/06\/IMG_20230524_101753_11zon-1536x865.jpg 1536w, https:\/\/agora.xtec.cat\/ceipvistaalegre\/wp-content\/uploads\/usu1936\/2023\/06\/IMG_20230524_101753_11zon-2048x1153.jpg 2048w\" sizes=\"auto, (max-width: 666px) 100vw, 666px\" \/><\/a><\/p>\n<p>&nbsp;<\/p>\n<p>&nbsp;<\/p>\n","protected":false},"excerpt":{"rendered":"<p>Els nens i nenes de I5 hem realitzat el projecte dels gira-sols.<br \/>\nEl vam comen\u00e7ar al segon trimestre, plantant les pipes en dos formats diferents. En pocs dies, vam poder comprovar que en planter petit el gira-sol havia crescut amb m\u00e9s for\u00e7a que a la planta&hellip;  <a href=\"https:\/\/agora.xtec.cat\/ceipvistaalegre\/infantil\/infantil-5-anys\/projecte-gira-sols\/\" title=\"Read PROJECTE GIRA-SOLS\">Llegeix m\u00e9s\u00bb<\/a><\/p>\n","protected":false},"author":25,"featured_media":0,"comment_status":"open","ping_status":"closed","sticky":false,"template":"","format":"standard","meta":{"_bbp_topic_count":0,"_bbp_reply_count":0,"_bbp_total_topic_count":0,"_bbp_total_reply_count":0,"_bbp_voice_count":0,"_bbp_anonymous_reply_count":0,"_bbp_topic_count_hidden":0,"_bbp_reply_count_hidden":0,"_bbp_forum_subforum_count":0,"footnotes":""},"categories":[225],"tags":[],"class_list":["post-8995","post","type-post","status-publish","format-standard","hentry","category-infantil-5-anys"],"post_mailing_queue_ids":[],"_links":{"self":[{"href":"https:\/\/agora.xtec.cat\/ceipvistaalegre\/wp-json\/wp\/v2\/posts\/8995","targetHints":{"allow":["GET"]}}],"collection":[{"href":"https:\/\/agora.xtec.cat\/ceipvistaalegre\/wp-json\/wp\/v2\/posts"}],"about":[{"href":"https:\/\/agora.xtec.cat\/ceipvistaalegre\/wp-json\/wp\/v2\/types\/post"}],"author":[{"embeddable":true,"href":"https:\/\/agora.xtec.cat\/ceipvistaalegre\/wp-json\/wp\/v2\/users\/25"}],"replies":[{"embeddable":true,"href":"https:\/\/agora.xtec.cat\/ceipvistaalegre\/wp-json\/wp\/v2\/comments?post=8995"}],"version-history":[{"count":3,"href":"https:\/\/agora.xtec.cat\/ceipvistaalegre\/wp-json\/wp\/v2\/posts\/8995\/revisions"}],"predecessor-version":[{"id":9002,"href":"https:\/\/agora.xtec.cat\/ceipvistaalegre\/wp-json\/wp\/v2\/posts\/8995\/revisions\/9002"}],"wp:attachment":[{"href":"https:\/\/agora.xtec.cat\/ceipvistaalegre\/wp-json\/wp\/v2\/media?parent=8995"}],"wp:term":[{"taxonomy":"category","embeddable":true,"href":"https:\/\/agora.xtec.cat\/ceipvistaalegre\/wp-json\/wp\/v2\/categories?post=8995"},{"taxonomy":"post_tag","embeddable":true,"href":"https:\/\/agora.xtec.cat\/ceipvistaalegre\/wp-json\/wp\/v2\/tags?post=8995"}],"curies":[{"name":"wp","href":"https:\/\/api.w.org\/{rel}","templated":true}]}}