{"id":8956,"date":"2023-06-13T19:10:09","date_gmt":"2023-06-13T17:10:09","guid":{"rendered":"https:\/\/agora.xtec.cat\/ceipvistaalegre\/?p=8956"},"modified":"2023-06-13T19:10:09","modified_gmt":"2023-06-13T17:10:09","slug":"visita-espai-jove","status":"publish","type":"post","link":"https:\/\/agora.xtec.cat\/ceipvistaalegre\/primaria\/6e\/visita-espai-jove\/","title":{"rendered":"VISITA ESPAI JOVE"},"content":{"rendered":"<p>Els alumnes de sis\u00e8 han visitat &#8220;l&#8217;espai jove&#8221; de Rocafonda. \u00c9s un centre juvenil destinat als joves d&#8217;entre 12 i 22 anys. Ens van fer una xerrada i ens van ensenyar els diferents espais amb les activitats di\u00e0ries en els \u00e0mbits del lleure, la cultura, la informaci\u00f3, el treball i la formaci\u00f3, com la dinamitzaci\u00f3 de l&#8217;espai obert i el lleure de la poblaci\u00f3 juvenil del territori.<\/p>\n<p>Despr\u00e9s ens van deixar jugar una estona.<\/p>\n<p><img loading=\"lazy\" decoding=\"async\" class=\"alignnone  wp-image-8957\" src=\"https:\/\/agora.xtec.cat\/ceipvistaalegre\/wp-content\/uploads\/usu1936\/2023\/06\/WhatsApp-Image-2023-06-13-at-19.07.47-1024x768.jpeg\" alt=\"\" width=\"386\" height=\"289\" srcset=\"https:\/\/agora.xtec.cat\/ceipvistaalegre\/wp-content\/uploads\/usu1936\/2023\/06\/WhatsApp-Image-2023-06-13-at-19.07.47-1024x768.jpeg 1024w, https:\/\/agora.xtec.cat\/ceipvistaalegre\/wp-content\/uploads\/usu1936\/2023\/06\/WhatsApp-Image-2023-06-13-at-19.07.47-300x225.jpeg 300w, https:\/\/agora.xtec.cat\/ceipvistaalegre\/wp-content\/uploads\/usu1936\/2023\/06\/WhatsApp-Image-2023-06-13-at-19.07.47-768x576.jpeg 768w, https:\/\/agora.xtec.cat\/ceipvistaalegre\/wp-content\/uploads\/usu1936\/2023\/06\/WhatsApp-Image-2023-06-13-at-19.07.47-1536x1152.jpeg 1536w, https:\/\/agora.xtec.cat\/ceipvistaalegre\/wp-content\/uploads\/usu1936\/2023\/06\/WhatsApp-Image-2023-06-13-at-19.07.47-200x150.jpeg 200w, https:\/\/agora.xtec.cat\/ceipvistaalegre\/wp-content\/uploads\/usu1936\/2023\/06\/WhatsApp-Image-2023-06-13-at-19.07.47.jpeg 2048w\" sizes=\"auto, (max-width: 386px) 100vw, 386px\" \/><\/p>\n","protected":false},"excerpt":{"rendered":"<p>Els alumnes de sis\u00e8 han visitat &#8220;l&#8217;espai jove&#8221; de Rocafonda. \u00c9s un centre juvenil destinat als joves d&#8217;entre 12 i 22 anys. Ens van fer una xerrada i ens van ensenyar els diferents espais amb les activitats di\u00e0ries en els \u00e0mbits del lleure, la cultura,&hellip;  <a href=\"https:\/\/agora.xtec.cat\/ceipvistaalegre\/primaria\/6e\/visita-espai-jove\/\" title=\"Read VISITA ESPAI JOVE\">Llegeix m\u00e9s\u00bb<\/a><\/p>\n","protected":false},"author":18,"featured_media":0,"comment_status":"open","ping_status":"closed","sticky":false,"template":"","format":"standard","meta":{"_bbp_topic_count":0,"_bbp_reply_count":0,"_bbp_total_topic_count":0,"_bbp_total_reply_count":0,"_bbp_voice_count":0,"_bbp_anonymous_reply_count":0,"_bbp_topic_count_hidden":0,"_bbp_reply_count_hidden":0,"_bbp_forum_subforum_count":0,"footnotes":""},"categories":[15],"tags":[],"class_list":["post-8956","post","type-post","status-publish","format-standard","hentry","category-6e"],"post_mailing_queue_ids":[],"_links":{"self":[{"href":"https:\/\/agora.xtec.cat\/ceipvistaalegre\/wp-json\/wp\/v2\/posts\/8956","targetHints":{"allow":["GET"]}}],"collection":[{"href":"https:\/\/agora.xtec.cat\/ceipvistaalegre\/wp-json\/wp\/v2\/posts"}],"about":[{"href":"https:\/\/agora.xtec.cat\/ceipvistaalegre\/wp-json\/wp\/v2\/types\/post"}],"author":[{"embeddable":true,"href":"https:\/\/agora.xtec.cat\/ceipvistaalegre\/wp-json\/wp\/v2\/users\/18"}],"replies":[{"embeddable":true,"href":"https:\/\/agora.xtec.cat\/ceipvistaalegre\/wp-json\/wp\/v2\/comments?post=8956"}],"version-history":[{"count":1,"href":"https:\/\/agora.xtec.cat\/ceipvistaalegre\/wp-json\/wp\/v2\/posts\/8956\/revisions"}],"predecessor-version":[{"id":8958,"href":"https:\/\/agora.xtec.cat\/ceipvistaalegre\/wp-json\/wp\/v2\/posts\/8956\/revisions\/8958"}],"wp:attachment":[{"href":"https:\/\/agora.xtec.cat\/ceipvistaalegre\/wp-json\/wp\/v2\/media?parent=8956"}],"wp:term":[{"taxonomy":"category","embeddable":true,"href":"https:\/\/agora.xtec.cat\/ceipvistaalegre\/wp-json\/wp\/v2\/categories?post=8956"},{"taxonomy":"post_tag","embeddable":true,"href":"https:\/\/agora.xtec.cat\/ceipvistaalegre\/wp-json\/wp\/v2\/tags?post=8956"}],"curies":[{"name":"wp","href":"https:\/\/api.w.org\/{rel}","templated":true}]}}