{"id":8935,"date":"2023-06-07T22:35:24","date_gmt":"2023-06-07T20:35:24","guid":{"rendered":"https:\/\/agora.xtec.cat\/ceipvistaalegre\/?p=8935"},"modified":"2023-06-07T22:35:24","modified_gmt":"2023-06-07T20:35:24","slug":"consell-dinfants","status":"publish","type":"post","link":"https:\/\/agora.xtec.cat\/ceipvistaalegre\/primaria\/6e\/consell-dinfants\/","title":{"rendered":"CONSELL D&#8217;INFANTS"},"content":{"rendered":"<p>Avui en Mario com a representant de cinqu\u00e8 i l&#8217;Asier com a representant de sis\u00e8 del Consell d&#8217;Infants, han anat a l&#8217;espai Matar\u00f3 Connecta. Un espai de participaci\u00f3 de ciutat per donar veu a la inf\u00e0ncia i valor a la seva opini\u00f3 i mirada sobre molts aspectes de la ciutat, aix\u00ed com per sensibilitzar la ciutadania dels drets dels infants.<\/p>\n<p>Avui s&#8217;ha tancat amb un acte de cloenda, en qu\u00e8 es presenta el treball realitzat.<\/p>\n<p><img loading=\"lazy\" decoding=\"async\" class=\"alignnone  wp-image-8936\" src=\"https:\/\/agora.xtec.cat\/ceipvistaalegre\/wp-content\/uploads\/usu1936\/2023\/06\/WhatsApp-Image-2023-06-07-at-22.17.23-768x1024.jpeg\" alt=\"\" width=\"289\" height=\"386\" srcset=\"https:\/\/agora.xtec.cat\/ceipvistaalegre\/wp-content\/uploads\/usu1936\/2023\/06\/WhatsApp-Image-2023-06-07-at-22.17.23-768x1024.jpeg 768w, https:\/\/agora.xtec.cat\/ceipvistaalegre\/wp-content\/uploads\/usu1936\/2023\/06\/WhatsApp-Image-2023-06-07-at-22.17.23-225x300.jpeg 225w, https:\/\/agora.xtec.cat\/ceipvistaalegre\/wp-content\/uploads\/usu1936\/2023\/06\/WhatsApp-Image-2023-06-07-at-22.17.23-1152x1536.jpeg 1152w, https:\/\/agora.xtec.cat\/ceipvistaalegre\/wp-content\/uploads\/usu1936\/2023\/06\/WhatsApp-Image-2023-06-07-at-22.17.23.jpeg 1536w\" sizes=\"auto, (max-width: 289px) 100vw, 289px\" \/>\u00a0<img loading=\"lazy\" decoding=\"async\" class=\"alignnone  wp-image-8937\" src=\"https:\/\/agora.xtec.cat\/ceipvistaalegre\/wp-content\/uploads\/usu1936\/2023\/06\/WhatsApp-Image-2023-06-07-at-22.33.42-768x1024.jpeg\" alt=\"\" width=\"330\" height=\"440\" srcset=\"https:\/\/agora.xtec.cat\/ceipvistaalegre\/wp-content\/uploads\/usu1936\/2023\/06\/WhatsApp-Image-2023-06-07-at-22.33.42-768x1024.jpeg 768w, https:\/\/agora.xtec.cat\/ceipvistaalegre\/wp-content\/uploads\/usu1936\/2023\/06\/WhatsApp-Image-2023-06-07-at-22.33.42-225x300.jpeg 225w, https:\/\/agora.xtec.cat\/ceipvistaalegre\/wp-content\/uploads\/usu1936\/2023\/06\/WhatsApp-Image-2023-06-07-at-22.33.42-1152x1536.jpeg 1152w, https:\/\/agora.xtec.cat\/ceipvistaalegre\/wp-content\/uploads\/usu1936\/2023\/06\/WhatsApp-Image-2023-06-07-at-22.33.42.jpeg 1536w\" sizes=\"auto, (max-width: 330px) 100vw, 330px\" \/><\/p>\n<p>&nbsp;<\/p>\n","protected":false},"excerpt":{"rendered":"<p>Avui en Mario com a representant de cinqu\u00e8 i l&#8217;Asier com a representant de sis\u00e8 del Consell d&#8217;Infants, han anat a l&#8217;espai Matar\u00f3 Connecta. Un espai de participaci\u00f3 de ciutat per donar veu a la inf\u00e0ncia i valor a la seva opini\u00f3 i mirada sobre&hellip;  <a href=\"https:\/\/agora.xtec.cat\/ceipvistaalegre\/primaria\/6e\/consell-dinfants\/\" title=\"Read CONSELL D&#8217;INFANTS\">Llegeix m\u00e9s\u00bb<\/a><\/p>\n","protected":false},"author":18,"featured_media":0,"comment_status":"open","ping_status":"closed","sticky":false,"template":"","format":"standard","meta":{"_bbp_topic_count":0,"_bbp_reply_count":0,"_bbp_total_topic_count":0,"_bbp_total_reply_count":0,"_bbp_voice_count":0,"_bbp_anonymous_reply_count":0,"_bbp_topic_count_hidden":0,"_bbp_reply_count_hidden":0,"_bbp_forum_subforum_count":0,"footnotes":""},"categories":[15],"tags":[],"class_list":["post-8935","post","type-post","status-publish","format-standard","hentry","category-6e"],"post_mailing_queue_ids":[],"_links":{"self":[{"href":"https:\/\/agora.xtec.cat\/ceipvistaalegre\/wp-json\/wp\/v2\/posts\/8935","targetHints":{"allow":["GET"]}}],"collection":[{"href":"https:\/\/agora.xtec.cat\/ceipvistaalegre\/wp-json\/wp\/v2\/posts"}],"about":[{"href":"https:\/\/agora.xtec.cat\/ceipvistaalegre\/wp-json\/wp\/v2\/types\/post"}],"author":[{"embeddable":true,"href":"https:\/\/agora.xtec.cat\/ceipvistaalegre\/wp-json\/wp\/v2\/users\/18"}],"replies":[{"embeddable":true,"href":"https:\/\/agora.xtec.cat\/ceipvistaalegre\/wp-json\/wp\/v2\/comments?post=8935"}],"version-history":[{"count":1,"href":"https:\/\/agora.xtec.cat\/ceipvistaalegre\/wp-json\/wp\/v2\/posts\/8935\/revisions"}],"predecessor-version":[{"id":8938,"href":"https:\/\/agora.xtec.cat\/ceipvistaalegre\/wp-json\/wp\/v2\/posts\/8935\/revisions\/8938"}],"wp:attachment":[{"href":"https:\/\/agora.xtec.cat\/ceipvistaalegre\/wp-json\/wp\/v2\/media?parent=8935"}],"wp:term":[{"taxonomy":"category","embeddable":true,"href":"https:\/\/agora.xtec.cat\/ceipvistaalegre\/wp-json\/wp\/v2\/categories?post=8935"},{"taxonomy":"post_tag","embeddable":true,"href":"https:\/\/agora.xtec.cat\/ceipvistaalegre\/wp-json\/wp\/v2\/tags?post=8935"}],"curies":[{"name":"wp","href":"https:\/\/api.w.org\/{rel}","templated":true}]}}