{"id":8932,"date":"2023-06-01T20:45:09","date_gmt":"2023-06-01T18:45:09","guid":{"rendered":"https:\/\/agora.xtec.cat\/ceipvistaalegre\/?p=8932"},"modified":"2023-06-01T20:45:09","modified_gmt":"2023-06-01T18:45:09","slug":"colonies-a-can-vandrell","status":"publish","type":"post","link":"https:\/\/agora.xtec.cat\/ceipvistaalegre\/infantil\/infantil-4-anys\/colonies-a-can-vandrell\/","title":{"rendered":"COL\u00d2NIES A CAN VANDRELL"},"content":{"rendered":"<p>Els nens i nenes de I4 i I5 hem fet les nostres col\u00f2nies a Can Vandrell, juntament amb els alumnes de 1r i 2n. All\u00e0 hem pogut gaudir d&#8217;unes activitats molt divertides entorn al tema de l&#8217;espai, ens hem convertit en astronautes i hem explorat el sistema solar. Ens ho hem passat genial!!<a href=\"https:\/\/agora.xtec.cat\/ceipvistaalegre\/wp-content\/uploads\/usu1936\/2023\/06\/COLONIES-A-CAN-VANDRELL-1.png\"><img loading=\"lazy\" decoding=\"async\" class=\"alignnone size-full wp-image-8933\" src=\"https:\/\/agora.xtec.cat\/ceipvistaalegre\/wp-content\/uploads\/usu1936\/2023\/06\/COLONIES-A-CAN-VANDRELL-1.png\" alt=\"\" width=\"960\" height=\"540\" srcset=\"https:\/\/agora.xtec.cat\/ceipvistaalegre\/wp-content\/uploads\/usu1936\/2023\/06\/COLONIES-A-CAN-VANDRELL-1.png 960w, https:\/\/agora.xtec.cat\/ceipvistaalegre\/wp-content\/uploads\/usu1936\/2023\/06\/COLONIES-A-CAN-VANDRELL-1-300x169.png 300w, https:\/\/agora.xtec.cat\/ceipvistaalegre\/wp-content\/uploads\/usu1936\/2023\/06\/COLONIES-A-CAN-VANDRELL-1-768x432.png 768w\" sizes=\"auto, (max-width: 960px) 100vw, 960px\" \/><\/a><\/p>\n","protected":false},"excerpt":{"rendered":"<p>Els nens i nenes de I4 i I5 hem fet les nostres col\u00f2nies a Can Vandrell, juntament amb els alumnes de 1r i 2n. All\u00e0 hem pogut gaudir d&#8217;unes activitats molt divertides entorn al tema de l&#8217;espai, ens hem convertit en astronautes i hem explorat&hellip;  <a href=\"https:\/\/agora.xtec.cat\/ceipvistaalegre\/infantil\/infantil-4-anys\/colonies-a-can-vandrell\/\" title=\"Read COL\u00d2NIES A CAN VANDRELL\">Llegeix m\u00e9s\u00bb<\/a><\/p>\n","protected":false},"author":25,"featured_media":0,"comment_status":"open","ping_status":"closed","sticky":false,"template":"","format":"standard","meta":{"_bbp_topic_count":0,"_bbp_reply_count":0,"_bbp_total_topic_count":0,"_bbp_total_reply_count":0,"_bbp_voice_count":0,"_bbp_anonymous_reply_count":0,"_bbp_topic_count_hidden":0,"_bbp_reply_count_hidden":0,"_bbp_forum_subforum_count":0,"footnotes":""},"categories":[8,225],"tags":[],"class_list":["post-8932","post","type-post","status-publish","format-standard","hentry","category-infantil-4-anys","category-infantil-5-anys"],"post_mailing_queue_ids":[],"_links":{"self":[{"href":"https:\/\/agora.xtec.cat\/ceipvistaalegre\/wp-json\/wp\/v2\/posts\/8932","targetHints":{"allow":["GET"]}}],"collection":[{"href":"https:\/\/agora.xtec.cat\/ceipvistaalegre\/wp-json\/wp\/v2\/posts"}],"about":[{"href":"https:\/\/agora.xtec.cat\/ceipvistaalegre\/wp-json\/wp\/v2\/types\/post"}],"author":[{"embeddable":true,"href":"https:\/\/agora.xtec.cat\/ceipvistaalegre\/wp-json\/wp\/v2\/users\/25"}],"replies":[{"embeddable":true,"href":"https:\/\/agora.xtec.cat\/ceipvistaalegre\/wp-json\/wp\/v2\/comments?post=8932"}],"version-history":[{"count":1,"href":"https:\/\/agora.xtec.cat\/ceipvistaalegre\/wp-json\/wp\/v2\/posts\/8932\/revisions"}],"predecessor-version":[{"id":8934,"href":"https:\/\/agora.xtec.cat\/ceipvistaalegre\/wp-json\/wp\/v2\/posts\/8932\/revisions\/8934"}],"wp:attachment":[{"href":"https:\/\/agora.xtec.cat\/ceipvistaalegre\/wp-json\/wp\/v2\/media?parent=8932"}],"wp:term":[{"taxonomy":"category","embeddable":true,"href":"https:\/\/agora.xtec.cat\/ceipvistaalegre\/wp-json\/wp\/v2\/categories?post=8932"},{"taxonomy":"post_tag","embeddable":true,"href":"https:\/\/agora.xtec.cat\/ceipvistaalegre\/wp-json\/wp\/v2\/tags?post=8932"}],"curies":[{"name":"wp","href":"https:\/\/api.w.org\/{rel}","templated":true}]}}