{"id":8909,"date":"2023-05-31T19:54:55","date_gmt":"2023-05-31T17:54:55","guid":{"rendered":"https:\/\/agora.xtec.cat\/ceipvistaalegre\/?p=8909"},"modified":"2023-05-31T20:30:19","modified_gmt":"2023-05-31T18:30:19","slug":"avui-esmorzem-mato","status":"publish","type":"post","link":"https:\/\/agora.xtec.cat\/ceipvistaalegre\/infantil\/infantil-3-anys\/avui-esmorzem-mato\/","title":{"rendered":"Avui esmorzem mat\u00f3."},"content":{"rendered":"<p><a href=\"https:\/\/agora.xtec.cat\/ceipvistaalegre\/infantil\/infantil-3-anys\/avui-esmorzem-mato\/attachment\/photo-output-6_768x768\/\" rel=\"attachment wp-att-8910\"><img loading=\"lazy\" decoding=\"async\" class=\"aligncenter size-full wp-image-8910\" src=\"https:\/\/agora.xtec.cat\/ceipvistaalegre\/wp-content\/uploads\/usu1936\/2023\/05\/photo-output-6_768x768.jpg\" alt=\"\" width=\"768\" height=\"768\" srcset=\"https:\/\/agora.xtec.cat\/ceipvistaalegre\/wp-content\/uploads\/usu1936\/2023\/05\/photo-output-6_768x768.jpg 768w, https:\/\/agora.xtec.cat\/ceipvistaalegre\/wp-content\/uploads\/usu1936\/2023\/05\/photo-output-6_768x768-300x300.jpg 300w, https:\/\/agora.xtec.cat\/ceipvistaalegre\/wp-content\/uploads\/usu1936\/2023\/05\/photo-output-6_768x768-150x150.jpg 150w\" sizes=\"auto, (max-width: 768px) 100vw, 768px\" \/><\/a><\/p>\n<p>Ja ten\u00edem ganes de tastar el mat\u00f3 que vam fer ahir a la tarda i l&#8217;espera ha valgut la pena.<\/p>\n<p>Hem preparat torradetes amb mat\u00f3. Alguns nens i nenes l&#8217;han volgut amb melmelada de pr\u00e9ssec, d&#8217;altres amb sucre mor\u00e8 i un petit grupet tot sol, per poder gaudir del seu gust aut\u00e8ntic.<\/p>\n<p>Estava bon\u00edssim, tan bo que tothom ha repetit fins que no n&#8217;ha quedat ni un boc\u00ed.<\/p>\n<p>Bon profit!!<\/p>\n","protected":false},"excerpt":{"rendered":"<p><a href=\"https:\/\/agora.xtec.cat\/ceipvistaalegre\/infantil\/infantil-3-anys\/avui-esmorzem-mato\/attachment\/photo-output-6_768x768\/\" rel=\"attachment wp-att-8910\"><\/a><br \/>\nJa ten\u00edem ganes de tastar el mat\u00f3 que vam fer ahir a la tarda i l&#8217;espera ha valgut la pena.<br \/>\nHem preparat torradetes amb mat\u00f3. Alguns nens i nenes l&#8217;han volgut amb melmelada de pr\u00e9ssec, d&#8217;altres amb sucre mor\u00e8 i un petit grupet&hellip;  <a href=\"https:\/\/agora.xtec.cat\/ceipvistaalegre\/infantil\/infantil-3-anys\/avui-esmorzem-mato\/\" title=\"Read Avui esmorzem mat\u00f3.\">Llegeix m\u00e9s\u00bb<\/a><\/p>\n","protected":false},"author":4,"featured_media":0,"comment_status":"open","ping_status":"closed","sticky":false,"template":"","format":"standard","meta":{"_bbp_topic_count":0,"_bbp_reply_count":0,"_bbp_total_topic_count":0,"_bbp_total_reply_count":0,"_bbp_voice_count":0,"_bbp_anonymous_reply_count":0,"_bbp_topic_count_hidden":0,"_bbp_reply_count_hidden":0,"_bbp_forum_subforum_count":0,"footnotes":""},"categories":[3],"tags":[121,271],"class_list":["post-8909","post","type-post","status-publish","format-standard","hentry","category-infantil-3-anys","tag-descoberta-entorn","tag-projecte-la-vaca"],"post_mailing_queue_ids":[],"_links":{"self":[{"href":"https:\/\/agora.xtec.cat\/ceipvistaalegre\/wp-json\/wp\/v2\/posts\/8909","targetHints":{"allow":["GET"]}}],"collection":[{"href":"https:\/\/agora.xtec.cat\/ceipvistaalegre\/wp-json\/wp\/v2\/posts"}],"about":[{"href":"https:\/\/agora.xtec.cat\/ceipvistaalegre\/wp-json\/wp\/v2\/types\/post"}],"author":[{"embeddable":true,"href":"https:\/\/agora.xtec.cat\/ceipvistaalegre\/wp-json\/wp\/v2\/users\/4"}],"replies":[{"embeddable":true,"href":"https:\/\/agora.xtec.cat\/ceipvistaalegre\/wp-json\/wp\/v2\/comments?post=8909"}],"version-history":[{"count":2,"href":"https:\/\/agora.xtec.cat\/ceipvistaalegre\/wp-json\/wp\/v2\/posts\/8909\/revisions"}],"predecessor-version":[{"id":8912,"href":"https:\/\/agora.xtec.cat\/ceipvistaalegre\/wp-json\/wp\/v2\/posts\/8909\/revisions\/8912"}],"wp:attachment":[{"href":"https:\/\/agora.xtec.cat\/ceipvistaalegre\/wp-json\/wp\/v2\/media?parent=8909"}],"wp:term":[{"taxonomy":"category","embeddable":true,"href":"https:\/\/agora.xtec.cat\/ceipvistaalegre\/wp-json\/wp\/v2\/categories?post=8909"},{"taxonomy":"post_tag","embeddable":true,"href":"https:\/\/agora.xtec.cat\/ceipvistaalegre\/wp-json\/wp\/v2\/tags?post=8909"}],"curies":[{"name":"wp","href":"https:\/\/api.w.org\/{rel}","templated":true}]}}