{"id":8902,"date":"2023-05-31T19:45:24","date_gmt":"2023-05-31T17:45:24","guid":{"rendered":"https:\/\/agora.xtec.cat\/ceipvistaalegre\/?p=8902"},"modified":"2023-05-31T20:29:46","modified_gmt":"2023-05-31T18:29:46","slug":"fem-mato","status":"publish","type":"post","link":"https:\/\/agora.xtec.cat\/ceipvistaalegre\/infantil\/infantil-3-anys\/fem-mato\/","title":{"rendered":"Fem mat\u00f3."},"content":{"rendered":"<p><a href=\"https:\/\/agora.xtec.cat\/ceipvistaalegre\/infantil\/infantil-3-anys\/fem-mato\/attachment\/photo-output-7_768x768\/\" rel=\"attachment wp-att-8903\"><img loading=\"lazy\" decoding=\"async\" class=\"aligncenter size-full wp-image-8903\" src=\"https:\/\/agora.xtec.cat\/ceipvistaalegre\/wp-content\/uploads\/usu1936\/2023\/05\/photo-output-7_768x768.jpg\" alt=\"\" width=\"768\" height=\"768\" srcset=\"https:\/\/agora.xtec.cat\/ceipvistaalegre\/wp-content\/uploads\/usu1936\/2023\/05\/photo-output-7_768x768.jpg 768w, https:\/\/agora.xtec.cat\/ceipvistaalegre\/wp-content\/uploads\/usu1936\/2023\/05\/photo-output-7_768x768-300x300.jpg 300w, https:\/\/agora.xtec.cat\/ceipvistaalegre\/wp-content\/uploads\/usu1936\/2023\/05\/photo-output-7_768x768-150x150.jpg 150w\" sizes=\"auto, (max-width: 768px) 100vw, 768px\" \/><\/a><\/p>\n<p>Ahir a la tarda, les nenes i els nens d&#8217;infantil 3 anys, vam elaborar mat\u00f3.<\/p>\n<p>Hem necessitat 1 litre de llet de vaca i el suc d&#8217;una llimona petita.<\/p>\n<p>Hem escalfat la llet i abans que bull\u00eds hem afegit el suc de la llimona. Ara ha tocat remenar b\u00e9 perqu\u00e8 l&#8217;\u00e0cid de la llimona faci el seu proc\u00e9s. L&#8217;hem deixat reposar 15 minuts i finalment hem colat tota la soluci\u00f3. En el colador ha quedat el mat\u00f3. L&#8217;hem portat a la nevera per poder-lo menjar m\u00e9s tard.<\/p>\n<p>Aquesta activitat forma part del projecte del nom de la classe &#8220;La Vaca&#8221;.<\/p>\n","protected":false},"excerpt":{"rendered":"<p><a href=\"https:\/\/agora.xtec.cat\/ceipvistaalegre\/infantil\/infantil-3-anys\/fem-mato\/attachment\/photo-output-7_768x768\/\" rel=\"attachment wp-att-8903\"><\/a><br \/>\nAhir a la tarda, les nenes i els nens d&#8217;infantil 3 anys, vam elaborar mat\u00f3.<br \/>\nHem necessitat 1 litre de llet de vaca i el suc d&#8217;una llimona petita.<br \/>\nHem escalfat la llet i abans que bull\u00eds hem afegit el suc de la llimona.&hellip;  <a href=\"https:\/\/agora.xtec.cat\/ceipvistaalegre\/infantil\/infantil-3-anys\/fem-mato\/\" title=\"Read Fem mat\u00f3.\">Llegeix m\u00e9s\u00bb<\/a><\/p>\n","protected":false},"author":4,"featured_media":0,"comment_status":"open","ping_status":"closed","sticky":false,"template":"","format":"standard","meta":{"_bbp_topic_count":0,"_bbp_reply_count":0,"_bbp_total_topic_count":0,"_bbp_total_reply_count":0,"_bbp_voice_count":0,"_bbp_anonymous_reply_count":0,"_bbp_topic_count_hidden":0,"_bbp_reply_count_hidden":0,"_bbp_forum_subforum_count":0,"footnotes":""},"categories":[3],"tags":[121,272,271,279],"class_list":["post-8902","post","type-post","status-publish","format-standard","hentry","category-infantil-3-anys","tag-descoberta-entorn","tag-experimentacio","tag-projecte-la-vaca","tag-receptes"],"post_mailing_queue_ids":[],"_links":{"self":[{"href":"https:\/\/agora.xtec.cat\/ceipvistaalegre\/wp-json\/wp\/v2\/posts\/8902","targetHints":{"allow":["GET"]}}],"collection":[{"href":"https:\/\/agora.xtec.cat\/ceipvistaalegre\/wp-json\/wp\/v2\/posts"}],"about":[{"href":"https:\/\/agora.xtec.cat\/ceipvistaalegre\/wp-json\/wp\/v2\/types\/post"}],"author":[{"embeddable":true,"href":"https:\/\/agora.xtec.cat\/ceipvistaalegre\/wp-json\/wp\/v2\/users\/4"}],"replies":[{"embeddable":true,"href":"https:\/\/agora.xtec.cat\/ceipvistaalegre\/wp-json\/wp\/v2\/comments?post=8902"}],"version-history":[{"count":3,"href":"https:\/\/agora.xtec.cat\/ceipvistaalegre\/wp-json\/wp\/v2\/posts\/8902\/revisions"}],"predecessor-version":[{"id":8908,"href":"https:\/\/agora.xtec.cat\/ceipvistaalegre\/wp-json\/wp\/v2\/posts\/8902\/revisions\/8908"}],"wp:attachment":[{"href":"https:\/\/agora.xtec.cat\/ceipvistaalegre\/wp-json\/wp\/v2\/media?parent=8902"}],"wp:term":[{"taxonomy":"category","embeddable":true,"href":"https:\/\/agora.xtec.cat\/ceipvistaalegre\/wp-json\/wp\/v2\/categories?post=8902"},{"taxonomy":"post_tag","embeddable":true,"href":"https:\/\/agora.xtec.cat\/ceipvistaalegre\/wp-json\/wp\/v2\/tags?post=8902"}],"curies":[{"name":"wp","href":"https:\/\/api.w.org\/{rel}","templated":true}]}}