{"id":8894,"date":"2023-05-29T17:57:59","date_gmt":"2023-05-29T15:57:59","guid":{"rendered":"https:\/\/agora.xtec.cat\/ceipvistaalegre\/?p=8894"},"modified":"2023-05-29T17:57:59","modified_gmt":"2023-05-29T15:57:59","slug":"taller-medioambiental","status":"publish","type":"post","link":"https:\/\/agora.xtec.cat\/ceipvistaalegre\/primaria\/2n\/taller-medioambiental\/","title":{"rendered":"TALLER MEDIOAMBIENTAL"},"content":{"rendered":"<p>Hem encetat un nou projecte amb la visita d&#8217;en Josep M\u00aa, que ens ha portat alguns dels animals ex\u00f2tics dels quals en t\u00e9 cura. Tots ells viuen fora del seu h\u00e0bitat natural per diverses raons, com ara haver estat abandonats quan han comen\u00e7at a cr\u00e9ixer, i fer paler que no s\u00f3n una mascota per tenir a casa. Hem apr\u00e9s que aquesta situaci\u00f3 \u00e9s del tot reprovable i que els animals s&#8217;han de respectar. Ens ha fet molta impressi\u00f3 tenir-los tan a prop, per\u00f2 hem sigut molt curosos i els hem pogut tocar i aprendre molt\u00edssim d&#8217;aquests r\u00e8ptils i amfibis: tortugues, serps, pogones, granotes, sargantanes, fins i tot d&#8217;un insecte escor\u00e7a.<\/p>\n<p><a href=\"https:\/\/agora.xtec.cat\/ceipvistaalegre\/wp-content\/uploads\/usu1936\/2023\/05\/IMG_0997-1.jpg\"><img loading=\"lazy\" decoding=\"async\" class=\"aligncenter wp-image-8891 size-large\" src=\"https:\/\/agora.xtec.cat\/ceipvistaalegre\/wp-content\/uploads\/usu1936\/2023\/05\/IMG_0997-1-964x1024.jpg\" alt=\"\" width=\"964\" height=\"1024\" srcset=\"https:\/\/agora.xtec.cat\/ceipvistaalegre\/wp-content\/uploads\/usu1936\/2023\/05\/IMG_0997-1-964x1024.jpg 964w, https:\/\/agora.xtec.cat\/ceipvistaalegre\/wp-content\/uploads\/usu1936\/2023\/05\/IMG_0997-1-282x300.jpg 282w, https:\/\/agora.xtec.cat\/ceipvistaalegre\/wp-content\/uploads\/usu1936\/2023\/05\/IMG_0997-1-768x816.jpg 768w, https:\/\/agora.xtec.cat\/ceipvistaalegre\/wp-content\/uploads\/usu1936\/2023\/05\/IMG_0997-1-1446x1536.jpg 1446w, https:\/\/agora.xtec.cat\/ceipvistaalegre\/wp-content\/uploads\/usu1936\/2023\/05\/IMG_0997-1-1928x2048.jpg 1928w\" sizes=\"auto, (max-width: 964px) 100vw, 964px\" \/><\/a><\/p>\n","protected":false},"excerpt":{"rendered":"<p>Hem encetat un nou projecte amb la visita d&#8217;en Josep M\u00aa, que ens ha portat alguns dels animals ex\u00f2tics dels quals en t\u00e9 cura. Tots ells viuen fora del seu h\u00e0bitat natural per diverses raons, com ara haver estat abandonats quan han comen\u00e7at a cr\u00e9ixer,&hellip;  <a href=\"https:\/\/agora.xtec.cat\/ceipvistaalegre\/primaria\/2n\/taller-medioambiental\/\" title=\"Read TALLER MEDIOAMBIENTAL\">Llegeix m\u00e9s\u00bb<\/a><\/p>\n","protected":false},"author":9,"featured_media":0,"comment_status":"open","ping_status":"closed","sticky":false,"template":"","format":"standard","meta":{"_bbp_topic_count":0,"_bbp_reply_count":0,"_bbp_total_topic_count":0,"_bbp_total_reply_count":0,"_bbp_voice_count":0,"_bbp_anonymous_reply_count":0,"_bbp_topic_count_hidden":0,"_bbp_reply_count_hidden":0,"_bbp_forum_subforum_count":0,"footnotes":""},"categories":[11],"tags":[],"class_list":["post-8894","post","type-post","status-publish","format-standard","hentry","category-2n"],"post_mailing_queue_ids":[],"_links":{"self":[{"href":"https:\/\/agora.xtec.cat\/ceipvistaalegre\/wp-json\/wp\/v2\/posts\/8894","targetHints":{"allow":["GET"]}}],"collection":[{"href":"https:\/\/agora.xtec.cat\/ceipvistaalegre\/wp-json\/wp\/v2\/posts"}],"about":[{"href":"https:\/\/agora.xtec.cat\/ceipvistaalegre\/wp-json\/wp\/v2\/types\/post"}],"author":[{"embeddable":true,"href":"https:\/\/agora.xtec.cat\/ceipvistaalegre\/wp-json\/wp\/v2\/users\/9"}],"replies":[{"embeddable":true,"href":"https:\/\/agora.xtec.cat\/ceipvistaalegre\/wp-json\/wp\/v2\/comments?post=8894"}],"version-history":[{"count":3,"href":"https:\/\/agora.xtec.cat\/ceipvistaalegre\/wp-json\/wp\/v2\/posts\/8894\/revisions"}],"predecessor-version":[{"id":8897,"href":"https:\/\/agora.xtec.cat\/ceipvistaalegre\/wp-json\/wp\/v2\/posts\/8894\/revisions\/8897"}],"wp:attachment":[{"href":"https:\/\/agora.xtec.cat\/ceipvistaalegre\/wp-json\/wp\/v2\/media?parent=8894"}],"wp:term":[{"taxonomy":"category","embeddable":true,"href":"https:\/\/agora.xtec.cat\/ceipvistaalegre\/wp-json\/wp\/v2\/categories?post=8894"},{"taxonomy":"post_tag","embeddable":true,"href":"https:\/\/agora.xtec.cat\/ceipvistaalegre\/wp-json\/wp\/v2\/tags?post=8894"}],"curies":[{"name":"wp","href":"https:\/\/api.w.org\/{rel}","templated":true}]}}