{"id":8870,"date":"2023-05-28T20:19:07","date_gmt":"2023-05-28T18:19:07","guid":{"rendered":"https:\/\/agora.xtec.cat\/ceipvistaalegre\/?p=8870"},"modified":"2023-05-28T20:19:07","modified_gmt":"2023-05-28T18:19:07","slug":"lhort-del-vista-alegre-i-el-programa-si","status":"publish","type":"post","link":"https:\/\/agora.xtec.cat\/ceipvistaalegre\/general\/lhort-del-vista-alegre-i-el-programa-si\/","title":{"rendered":"L&#8217;HORT DEL VISTA ALEGRE I EL PROGRAMA SI"},"content":{"rendered":"<p>L\u2019hort de la nostra escola \u00e9s un element molt important en el desenvolupament del programa SI, salut integral.<\/p>\n<p>L\u2019activitat de l\u2019hort fomenta en els nostres alumnes el treball en equip, l\u2019esfor\u00e7 i l\u2019adquisici\u00f3 d\u2019h\u00e0bits alimentaris saludables.<\/p>\n<p>Des de la inf\u00e0ncia, l\u2019educaci\u00f3 \u00e9s el cam\u00ed per aconseguir integrar h\u00e0bits saludables que\u00a0 ajudin a reduir les malalties cardiovasculars.<\/p>\n<p><a href=\"https:\/\/drive.google.com\/file\/d\/1xlxBHJnQSK3AiltGyQ3GGNy0U8DItj7W\/view?usp=share_link\">PRESENTACI\u00d3<\/a><\/p>\n<p>&nbsp;<\/p>\n","protected":false},"excerpt":{"rendered":"<p>L\u2019hort de la nostra escola \u00e9s un element molt important en el desenvolupament del programa SI, salut integral.<br \/>\nL\u2019activitat de l\u2019hort fomenta en els nostres alumnes el treball en equip, l\u2019esfor\u00e7 i l\u2019adquisici\u00f3 d\u2019h\u00e0bits alimentaris saludables.<br \/>\nDes de la inf\u00e0ncia, l\u2019educaci\u00f3 \u00e9s el cam\u00ed per aconseguir integrar&hellip;  <a href=\"https:\/\/agora.xtec.cat\/ceipvistaalegre\/general\/lhort-del-vista-alegre-i-el-programa-si\/\" title=\"Read L&#8217;HORT DEL VISTA ALEGRE I EL PROGRAMA SI\">Llegeix m\u00e9s\u00bb<\/a><\/p>\n","protected":false},"author":15,"featured_media":0,"comment_status":"open","ping_status":"closed","sticky":false,"template":"","format":"standard","meta":{"_bbp_topic_count":0,"_bbp_reply_count":0,"_bbp_total_topic_count":0,"_bbp_total_reply_count":0,"_bbp_voice_count":0,"_bbp_anonymous_reply_count":0,"_bbp_topic_count_hidden":0,"_bbp_reply_count_hidden":0,"_bbp_forum_subforum_count":0,"footnotes":""},"categories":[1,220],"tags":[],"class_list":["post-8870","post","type-post","status-publish","format-standard","hentry","category-general","category-hort"],"post_mailing_queue_ids":[],"_links":{"self":[{"href":"https:\/\/agora.xtec.cat\/ceipvistaalegre\/wp-json\/wp\/v2\/posts\/8870","targetHints":{"allow":["GET"]}}],"collection":[{"href":"https:\/\/agora.xtec.cat\/ceipvistaalegre\/wp-json\/wp\/v2\/posts"}],"about":[{"href":"https:\/\/agora.xtec.cat\/ceipvistaalegre\/wp-json\/wp\/v2\/types\/post"}],"author":[{"embeddable":true,"href":"https:\/\/agora.xtec.cat\/ceipvistaalegre\/wp-json\/wp\/v2\/users\/15"}],"replies":[{"embeddable":true,"href":"https:\/\/agora.xtec.cat\/ceipvistaalegre\/wp-json\/wp\/v2\/comments?post=8870"}],"version-history":[{"count":1,"href":"https:\/\/agora.xtec.cat\/ceipvistaalegre\/wp-json\/wp\/v2\/posts\/8870\/revisions"}],"predecessor-version":[{"id":8871,"href":"https:\/\/agora.xtec.cat\/ceipvistaalegre\/wp-json\/wp\/v2\/posts\/8870\/revisions\/8871"}],"wp:attachment":[{"href":"https:\/\/agora.xtec.cat\/ceipvistaalegre\/wp-json\/wp\/v2\/media?parent=8870"}],"wp:term":[{"taxonomy":"category","embeddable":true,"href":"https:\/\/agora.xtec.cat\/ceipvistaalegre\/wp-json\/wp\/v2\/categories?post=8870"},{"taxonomy":"post_tag","embeddable":true,"href":"https:\/\/agora.xtec.cat\/ceipvistaalegre\/wp-json\/wp\/v2\/tags?post=8870"}],"curies":[{"name":"wp","href":"https:\/\/api.w.org\/{rel}","templated":true}]}}