{"id":8863,"date":"2023-05-26T20:10:05","date_gmt":"2023-05-26T18:10:05","guid":{"rendered":"https:\/\/agora.xtec.cat\/ceipvistaalegre\/?p=8863"},"modified":"2023-05-26T20:10:05","modified_gmt":"2023-05-26T18:10:05","slug":"observem-flors","status":"publish","type":"post","link":"https:\/\/agora.xtec.cat\/ceipvistaalegre\/infantil\/infantil-3-anys\/observem-flors\/","title":{"rendered":"Observem flors."},"content":{"rendered":"<p><a href=\"https:\/\/agora.xtec.cat\/ceipvistaalegre\/infantil\/infantil-3-anys\/observem-flors\/attachment\/photo-output-4_614x768\/\" rel=\"attachment wp-att-8864\"><img loading=\"lazy\" decoding=\"async\" class=\"aligncenter size-full wp-image-8864\" src=\"https:\/\/agora.xtec.cat\/ceipvistaalegre\/wp-content\/uploads\/usu1936\/2023\/05\/photo-output-4_614x768.jpg\" alt=\"\" width=\"614\" height=\"768\" srcset=\"https:\/\/agora.xtec.cat\/ceipvistaalegre\/wp-content\/uploads\/usu1936\/2023\/05\/photo-output-4_614x768.jpg 614w, https:\/\/agora.xtec.cat\/ceipvistaalegre\/wp-content\/uploads\/usu1936\/2023\/05\/photo-output-4_614x768-240x300.jpg 240w\" sizes=\"auto, (max-width: 614px) 100vw, 614px\" \/><\/a><\/p>\n<p>Al llarg d&#8217;aquests dies hem anat omplint la classe de flors. Avui les hem pogut observar amb m\u00e9s detall. Com s\u00f3n, les parts de la flor, quina olor fan, quina textura tenen els p\u00e8tals, quines tiges punxen, qu\u00e8 mengen, per on agafa l&#8217;aliment&#8230;<\/p>\n<p>Hem mirat a trav\u00e9s de les lupes i hem descobert el pol\u00b7len: a quins insectes els agrada, qu\u00e8 fan amb ell&#8230;<\/p>\n<p>Finalment hem assecat unes quantes flors per gaudir-ne m\u00e9s endavant.<\/p>\n<p>&nbsp;<\/p>\n","protected":false},"excerpt":{"rendered":"<p><a href=\"https:\/\/agora.xtec.cat\/ceipvistaalegre\/infantil\/infantil-3-anys\/observem-flors\/attachment\/photo-output-4_614x768\/\" rel=\"attachment wp-att-8864\"><\/a><br \/>\nAl llarg d&#8217;aquests dies hem anat omplint la classe de flors. Avui les hem pogut observar amb m\u00e9s detall. Com s\u00f3n, les parts de la flor, quina olor fan, quina textura tenen els p\u00e8tals, quines tiges punxen, qu\u00e8 mengen, per on agafa&hellip;  <a href=\"https:\/\/agora.xtec.cat\/ceipvistaalegre\/infantil\/infantil-3-anys\/observem-flors\/\" title=\"Read Observem flors.\">Llegeix m\u00e9s\u00bb<\/a><\/p>\n","protected":false},"author":4,"featured_media":0,"comment_status":"open","ping_status":"closed","sticky":false,"template":"","format":"standard","meta":{"_bbp_topic_count":0,"_bbp_reply_count":0,"_bbp_total_topic_count":0,"_bbp_total_reply_count":0,"_bbp_voice_count":0,"_bbp_anonymous_reply_count":0,"_bbp_topic_count_hidden":0,"_bbp_reply_count_hidden":0,"_bbp_forum_subforum_count":0,"footnotes":""},"categories":[3],"tags":[120,278,239,277],"class_list":["post-8863","post","type-post","status-publish","format-standard","hentry","category-infantil-3-anys","tag-ciencies-3-6","tag-flors","tag-observacio","tag-primavera"],"post_mailing_queue_ids":[],"_links":{"self":[{"href":"https:\/\/agora.xtec.cat\/ceipvistaalegre\/wp-json\/wp\/v2\/posts\/8863","targetHints":{"allow":["GET"]}}],"collection":[{"href":"https:\/\/agora.xtec.cat\/ceipvistaalegre\/wp-json\/wp\/v2\/posts"}],"about":[{"href":"https:\/\/agora.xtec.cat\/ceipvistaalegre\/wp-json\/wp\/v2\/types\/post"}],"author":[{"embeddable":true,"href":"https:\/\/agora.xtec.cat\/ceipvistaalegre\/wp-json\/wp\/v2\/users\/4"}],"replies":[{"embeddable":true,"href":"https:\/\/agora.xtec.cat\/ceipvistaalegre\/wp-json\/wp\/v2\/comments?post=8863"}],"version-history":[{"count":3,"href":"https:\/\/agora.xtec.cat\/ceipvistaalegre\/wp-json\/wp\/v2\/posts\/8863\/revisions"}],"predecessor-version":[{"id":8869,"href":"https:\/\/agora.xtec.cat\/ceipvistaalegre\/wp-json\/wp\/v2\/posts\/8863\/revisions\/8869"}],"wp:attachment":[{"href":"https:\/\/agora.xtec.cat\/ceipvistaalegre\/wp-json\/wp\/v2\/media?parent=8863"}],"wp:term":[{"taxonomy":"category","embeddable":true,"href":"https:\/\/agora.xtec.cat\/ceipvistaalegre\/wp-json\/wp\/v2\/categories?post=8863"},{"taxonomy":"post_tag","embeddable":true,"href":"https:\/\/agora.xtec.cat\/ceipvistaalegre\/wp-json\/wp\/v2\/tags?post=8863"}],"curies":[{"name":"wp","href":"https:\/\/api.w.org\/{rel}","templated":true}]}}