{"id":8837,"date":"2023-05-22T13:19:49","date_gmt":"2023-05-22T11:19:49","guid":{"rendered":"https:\/\/agora.xtec.cat\/ceipvistaalegre\/?p=8837"},"modified":"2023-05-22T13:20:30","modified_gmt":"2023-05-22T11:20:30","slug":"per-fi-el-gran-dia-fira-cueme","status":"publish","type":"post","link":"https:\/\/agora.xtec.cat\/ceipvistaalegre\/primaria\/5e\/per-fi-el-gran-dia-fira-cueme\/","title":{"rendered":"Per fi el gran dia: FIRA CUEME"},"content":{"rendered":"<p>Despr\u00e9s de mesos i mesos de treball, per fi els socis i s\u00f2cies de la cooperativa del Drac Cooperatiu van poder vendre els seus productes (sabons naturals i sals de bany) a la fira que va tenir lloc a la pla\u00e7a Santa Anna el passat 19 de maig.<\/p>\n<p>La venda va ser un \u00e8xit absolut i a les 17:15 de la tarda (la venda va comen\u00e7ar a les 16:30) <span style=\"color: #ff0000\"><strong>JA S&#8217;HAVIA VENUT TOT!<\/strong><\/span><\/p>\n<p>Des d&#8217;aqu\u00ed volem agrair a totes les fam\u00edlies i clients que van col\u00b7laborar i van fer la seva compra solid\u00e0ria. Recordeu que <strong>TOTS SUMEM!<\/strong><\/p>\n<p>El proper pas ser\u00e0 fer la donaci\u00f3, a l&#8217;acte de cloenda, a l&#8217;associaci\u00f3 AGIM. Us anirem informant!<\/p>\n<p><a href=\"https:\/\/agora.xtec.cat\/ceipvistaalegre\/wp-content\/uploads\/usu1936\/2023\/05\/FotoGrid_20230522_131644464-1-scaled.jpg\"><img loading=\"lazy\" decoding=\"async\" class=\"alignnone size-large wp-image-8838\" src=\"https:\/\/agora.xtec.cat\/ceipvistaalegre\/wp-content\/uploads\/usu1936\/2023\/05\/FotoGrid_20230522_131644464-1-819x1024.jpg\" alt=\"\" width=\"819\" height=\"1024\" srcset=\"https:\/\/agora.xtec.cat\/ceipvistaalegre\/wp-content\/uploads\/usu1936\/2023\/05\/FotoGrid_20230522_131644464-1-819x1024.jpg 819w, https:\/\/agora.xtec.cat\/ceipvistaalegre\/wp-content\/uploads\/usu1936\/2023\/05\/FotoGrid_20230522_131644464-1-240x300.jpg 240w, https:\/\/agora.xtec.cat\/ceipvistaalegre\/wp-content\/uploads\/usu1936\/2023\/05\/FotoGrid_20230522_131644464-1-768x960.jpg 768w, https:\/\/agora.xtec.cat\/ceipvistaalegre\/wp-content\/uploads\/usu1936\/2023\/05\/FotoGrid_20230522_131644464-1-1229x1536.jpg 1229w, https:\/\/agora.xtec.cat\/ceipvistaalegre\/wp-content\/uploads\/usu1936\/2023\/05\/FotoGrid_20230522_131644464-1-1638x2048.jpg 1638w, https:\/\/agora.xtec.cat\/ceipvistaalegre\/wp-content\/uploads\/usu1936\/2023\/05\/FotoGrid_20230522_131644464-1-scaled.jpg 2048w\" sizes=\"auto, (max-width: 819px) 100vw, 819px\" \/><\/a><\/p>\n","protected":false},"excerpt":{"rendered":"<p>Despr\u00e9s de mesos i mesos de treball, per fi els socis i s\u00f2cies de la cooperativa del Drac Cooperatiu van poder vendre els seus productes (sabons naturals i sals de bany) a la fira que va tenir lloc a la pla\u00e7a Santa Anna el passat&hellip;  <a href=\"https:\/\/agora.xtec.cat\/ceipvistaalegre\/primaria\/5e\/per-fi-el-gran-dia-fira-cueme\/\" title=\"Read Per fi el gran dia: FIRA CUEME\">Llegeix m\u00e9s\u00bb<\/a><\/p>\n","protected":false},"author":31,"featured_media":8838,"comment_status":"open","ping_status":"closed","sticky":false,"template":"","format":"standard","meta":{"_bbp_topic_count":0,"_bbp_reply_count":0,"_bbp_total_topic_count":0,"_bbp_total_reply_count":0,"_bbp_voice_count":0,"_bbp_anonymous_reply_count":0,"_bbp_topic_count_hidden":0,"_bbp_reply_count_hidden":0,"_bbp_forum_subforum_count":0,"footnotes":""},"categories":[14],"tags":[],"class_list":["post-8837","post","type-post","status-publish","format-standard","has-post-thumbnail","hentry","category-5e"],"post_mailing_queue_ids":[],"_links":{"self":[{"href":"https:\/\/agora.xtec.cat\/ceipvistaalegre\/wp-json\/wp\/v2\/posts\/8837","targetHints":{"allow":["GET"]}}],"collection":[{"href":"https:\/\/agora.xtec.cat\/ceipvistaalegre\/wp-json\/wp\/v2\/posts"}],"about":[{"href":"https:\/\/agora.xtec.cat\/ceipvistaalegre\/wp-json\/wp\/v2\/types\/post"}],"author":[{"embeddable":true,"href":"https:\/\/agora.xtec.cat\/ceipvistaalegre\/wp-json\/wp\/v2\/users\/31"}],"replies":[{"embeddable":true,"href":"https:\/\/agora.xtec.cat\/ceipvistaalegre\/wp-json\/wp\/v2\/comments?post=8837"}],"version-history":[{"count":1,"href":"https:\/\/agora.xtec.cat\/ceipvistaalegre\/wp-json\/wp\/v2\/posts\/8837\/revisions"}],"predecessor-version":[{"id":8839,"href":"https:\/\/agora.xtec.cat\/ceipvistaalegre\/wp-json\/wp\/v2\/posts\/8837\/revisions\/8839"}],"wp:featuredmedia":[{"embeddable":true,"href":"https:\/\/agora.xtec.cat\/ceipvistaalegre\/wp-json\/wp\/v2\/media\/8838"}],"wp:attachment":[{"href":"https:\/\/agora.xtec.cat\/ceipvistaalegre\/wp-json\/wp\/v2\/media?parent=8837"}],"wp:term":[{"taxonomy":"category","embeddable":true,"href":"https:\/\/agora.xtec.cat\/ceipvistaalegre\/wp-json\/wp\/v2\/categories?post=8837"},{"taxonomy":"post_tag","embeddable":true,"href":"https:\/\/agora.xtec.cat\/ceipvistaalegre\/wp-json\/wp\/v2\/tags?post=8837"}],"curies":[{"name":"wp","href":"https:\/\/api.w.org\/{rel}","templated":true}]}}