{"id":8831,"date":"2023-05-17T09:24:38","date_gmt":"2023-05-17T07:24:38","guid":{"rendered":"https:\/\/agora.xtec.cat\/ceipvistaalegre\/?p=8831"},"modified":"2023-05-17T09:24:38","modified_gmt":"2023-05-17T07:24:38","slug":"de-viatge-per-europa","status":"publish","type":"post","link":"https:\/\/agora.xtec.cat\/ceipvistaalegre\/primaria\/4t\/de-viatge-per-europa\/","title":{"rendered":"De viatge per Europa&#8230;"},"content":{"rendered":"<p>A medi estem treballant l&#8217;organitzaci\u00f3 territorial i les institucions de la Uni\u00f3 Europea, i les activitats i nivells econ\u00f2mics d&#8217;Espanya.<\/p>\n<p>Per poder con\u00e8ixer de primera m\u00e0 tant les activitats econ\u00f2miques dels pa\u00efsos com l&#8217;organitzaci\u00f3 territorial, els nens i les nenes de 4t s&#8217;han ajuntat per parelles i estan organitzant un viatge en alguna ciutat d&#8217;Europa.<\/p>\n<p>La primera tasca \u00e9s informar-se del pa\u00eds on volen anar: capital, president, llocs d&#8217;inter\u00e8s, activitats t\u00edpiques&#8230; Un cop ja sabem tot aix\u00f2 cal plantejar-se les dates per anar-hi, quant els costarien els vols i l&#8217;hotel per passar-hi un cap de setmana, els llocs que visitaran&#8230; i finalment fer un pressupost per adonar-se del que els costaria el viatge i valorar si podria fer-se amb la quantitat inicial que se&#8217;ls ha proposat.<\/p>\n<p>Una manera diferent, cooperativa i motivadora per veure reflectits a la realitat els continguts que anem treballant.<\/p>\n<p><a href=\"https:\/\/agora.xtec.cat\/ceipvistaalegre\/wp-content\/uploads\/usu1936\/2023\/05\/page0-4.jpg\"><img loading=\"lazy\" decoding=\"async\" class=\"aligncenter size-full wp-image-8832\" src=\"https:\/\/agora.xtec.cat\/ceipvistaalegre\/wp-content\/uploads\/usu1936\/2023\/05\/page0-4.jpg\" alt=\"\" width=\"1080\" height=\"1350\" srcset=\"https:\/\/agora.xtec.cat\/ceipvistaalegre\/wp-content\/uploads\/usu1936\/2023\/05\/page0-4.jpg 1080w, https:\/\/agora.xtec.cat\/ceipvistaalegre\/wp-content\/uploads\/usu1936\/2023\/05\/page0-4-240x300.jpg 240w, https:\/\/agora.xtec.cat\/ceipvistaalegre\/wp-content\/uploads\/usu1936\/2023\/05\/page0-4-819x1024.jpg 819w, https:\/\/agora.xtec.cat\/ceipvistaalegre\/wp-content\/uploads\/usu1936\/2023\/05\/page0-4-768x960.jpg 768w\" sizes=\"auto, (max-width: 1080px) 100vw, 1080px\" \/><\/a><\/p>\n","protected":false},"excerpt":{"rendered":"<p>A medi estem treballant l&#8217;organitzaci\u00f3 territorial i les institucions de la Uni\u00f3 Europea, i les activitats i nivells econ\u00f2mics d&#8217;Espanya.<br \/>\nPer poder con\u00e8ixer de primera m\u00e0 tant les activitats econ\u00f2miques dels pa\u00efsos com l&#8217;organitzaci\u00f3 territorial, els nens i les nenes de 4t s&#8217;han ajuntat per parelles&hellip;  <a href=\"https:\/\/agora.xtec.cat\/ceipvistaalegre\/primaria\/4t\/de-viatge-per-europa\/\" title=\"Read De viatge per Europa&#8230;\">Llegeix m\u00e9s\u00bb<\/a><\/p>\n","protected":false},"author":22,"featured_media":0,"comment_status":"open","ping_status":"closed","sticky":false,"template":"","format":"standard","meta":{"_bbp_topic_count":0,"_bbp_reply_count":0,"_bbp_total_topic_count":0,"_bbp_total_reply_count":0,"_bbp_voice_count":0,"_bbp_anonymous_reply_count":0,"_bbp_topic_count_hidden":0,"_bbp_reply_count_hidden":0,"_bbp_forum_subforum_count":0,"footnotes":""},"categories":[13],"tags":[],"class_list":["post-8831","post","type-post","status-publish","format-standard","hentry","category-4t"],"post_mailing_queue_ids":[],"_links":{"self":[{"href":"https:\/\/agora.xtec.cat\/ceipvistaalegre\/wp-json\/wp\/v2\/posts\/8831","targetHints":{"allow":["GET"]}}],"collection":[{"href":"https:\/\/agora.xtec.cat\/ceipvistaalegre\/wp-json\/wp\/v2\/posts"}],"about":[{"href":"https:\/\/agora.xtec.cat\/ceipvistaalegre\/wp-json\/wp\/v2\/types\/post"}],"author":[{"embeddable":true,"href":"https:\/\/agora.xtec.cat\/ceipvistaalegre\/wp-json\/wp\/v2\/users\/22"}],"replies":[{"embeddable":true,"href":"https:\/\/agora.xtec.cat\/ceipvistaalegre\/wp-json\/wp\/v2\/comments?post=8831"}],"version-history":[{"count":1,"href":"https:\/\/agora.xtec.cat\/ceipvistaalegre\/wp-json\/wp\/v2\/posts\/8831\/revisions"}],"predecessor-version":[{"id":8833,"href":"https:\/\/agora.xtec.cat\/ceipvistaalegre\/wp-json\/wp\/v2\/posts\/8831\/revisions\/8833"}],"wp:attachment":[{"href":"https:\/\/agora.xtec.cat\/ceipvistaalegre\/wp-json\/wp\/v2\/media?parent=8831"}],"wp:term":[{"taxonomy":"category","embeddable":true,"href":"https:\/\/agora.xtec.cat\/ceipvistaalegre\/wp-json\/wp\/v2\/categories?post=8831"},{"taxonomy":"post_tag","embeddable":true,"href":"https:\/\/agora.xtec.cat\/ceipvistaalegre\/wp-json\/wp\/v2\/tags?post=8831"}],"curies":[{"name":"wp","href":"https:\/\/api.w.org\/{rel}","templated":true}]}}