{"id":8815,"date":"2023-05-11T20:28:08","date_gmt":"2023-05-11T18:28:08","guid":{"rendered":"https:\/\/agora.xtec.cat\/ceipvistaalegre\/?p=8815"},"modified":"2023-05-11T20:28:08","modified_gmt":"2023-05-11T18:28:08","slug":"mandales-creatives-2","status":"publish","type":"post","link":"https:\/\/agora.xtec.cat\/ceipvistaalegre\/general\/mandales-creatives-2\/","title":{"rendered":"MANDALES CREATIVES"},"content":{"rendered":"<p>Les mandales s\u00f3n una activitat que estimula la concentraci\u00f3 i la imaginaci\u00f3. A la classe de I5 les hem pintat, per\u00f2 tamb\u00e9 les hem fet amb materials de la vida quotidiana: taps, pinces, escuradents, trons, pedretes,&#8230;Ha estat una acitivitat divertida i creativa.<\/p>\n<p style=\"text-align: center\"><a href=\"https:\/\/agora.xtec.cat\/ceipvistaalegre\/wp-content\/uploads\/usu1936\/2023\/05\/InShot_20230511_194016708_Easy-Resize.com_.jpg\"><img loading=\"lazy\" decoding=\"async\" class=\"alignnone  wp-image-8817\" src=\"https:\/\/agora.xtec.cat\/ceipvistaalegre\/wp-content\/uploads\/usu1936\/2023\/05\/InShot_20230511_194016708_Easy-Resize.com_-1024x1024.jpg\" alt=\"\" width=\"361\" height=\"361\" srcset=\"https:\/\/agora.xtec.cat\/ceipvistaalegre\/wp-content\/uploads\/usu1936\/2023\/05\/InShot_20230511_194016708_Easy-Resize.com_.jpg 1024w, https:\/\/agora.xtec.cat\/ceipvistaalegre\/wp-content\/uploads\/usu1936\/2023\/05\/InShot_20230511_194016708_Easy-Resize.com_-300x300.jpg 300w, https:\/\/agora.xtec.cat\/ceipvistaalegre\/wp-content\/uploads\/usu1936\/2023\/05\/InShot_20230511_194016708_Easy-Resize.com_-150x150.jpg 150w, https:\/\/agora.xtec.cat\/ceipvistaalegre\/wp-content\/uploads\/usu1936\/2023\/05\/InShot_20230511_194016708_Easy-Resize.com_-768x768.jpg 768w\" sizes=\"auto, (max-width: 361px) 100vw, 361px\" \/><\/a><a href=\"https:\/\/agora.xtec.cat\/ceipvistaalegre\/wp-content\/uploads\/usu1936\/2023\/05\/InShot_20230511_195614296_Easy-Resize.com_.jpg\"><img loading=\"lazy\" decoding=\"async\" class=\"wp-image-8816 alignnone\" src=\"https:\/\/agora.xtec.cat\/ceipvistaalegre\/wp-content\/uploads\/usu1936\/2023\/05\/InShot_20230511_195614296_Easy-Resize.com_-1024x1024.jpg\" alt=\"\" width=\"360\" height=\"360\" srcset=\"https:\/\/agora.xtec.cat\/ceipvistaalegre\/wp-content\/uploads\/usu1936\/2023\/05\/InShot_20230511_195614296_Easy-Resize.com_.jpg 1024w, https:\/\/agora.xtec.cat\/ceipvistaalegre\/wp-content\/uploads\/usu1936\/2023\/05\/InShot_20230511_195614296_Easy-Resize.com_-300x300.jpg 300w, https:\/\/agora.xtec.cat\/ceipvistaalegre\/wp-content\/uploads\/usu1936\/2023\/05\/InShot_20230511_195614296_Easy-Resize.com_-150x150.jpg 150w, https:\/\/agora.xtec.cat\/ceipvistaalegre\/wp-content\/uploads\/usu1936\/2023\/05\/InShot_20230511_195614296_Easy-Resize.com_-768x768.jpg 768w\" sizes=\"auto, (max-width: 360px) 100vw, 360px\" \/><\/a><\/p>\n","protected":false},"excerpt":{"rendered":"<p>Les mandales s\u00f3n una activitat que estimula la concentraci\u00f3 i la imaginaci\u00f3. A la classe de I5 les hem pintat, per\u00f2 tamb\u00e9 les hem fet amb materials de la vida quotidiana: taps, pinces, escuradents, trons, pedretes,&#8230;Ha estat una acitivitat divertida i creativa.<br \/>\n<a href=\"https:\/\/agora.xtec.cat\/ceipvistaalegre\/wp-content\/uploads\/usu1936\/2023\/05\/InShot_20230511_194016708_Easy-Resize.com_.jpg\"><\/a><a href=\"https:\/\/agora.xtec.cat\/ceipvistaalegre\/wp-content\/uploads\/usu1936\/2023\/05\/InShot_20230511_195614296_Easy-Resize.com_.jpg\"><\/a><\/p>\n","protected":false},"author":25,"featured_media":0,"comment_status":"open","ping_status":"closed","sticky":false,"template":"","format":"standard","meta":{"_bbp_topic_count":0,"_bbp_reply_count":0,"_bbp_total_topic_count":0,"_bbp_total_reply_count":0,"_bbp_voice_count":0,"_bbp_anonymous_reply_count":0,"_bbp_topic_count_hidden":0,"_bbp_reply_count_hidden":0,"_bbp_forum_subforum_count":0,"footnotes":""},"categories":[1,225],"tags":[],"class_list":["post-8815","post","type-post","status-publish","format-standard","hentry","category-general","category-infantil-5-anys"],"post_mailing_queue_ids":[],"_links":{"self":[{"href":"https:\/\/agora.xtec.cat\/ceipvistaalegre\/wp-json\/wp\/v2\/posts\/8815","targetHints":{"allow":["GET"]}}],"collection":[{"href":"https:\/\/agora.xtec.cat\/ceipvistaalegre\/wp-json\/wp\/v2\/posts"}],"about":[{"href":"https:\/\/agora.xtec.cat\/ceipvistaalegre\/wp-json\/wp\/v2\/types\/post"}],"author":[{"embeddable":true,"href":"https:\/\/agora.xtec.cat\/ceipvistaalegre\/wp-json\/wp\/v2\/users\/25"}],"replies":[{"embeddable":true,"href":"https:\/\/agora.xtec.cat\/ceipvistaalegre\/wp-json\/wp\/v2\/comments?post=8815"}],"version-history":[{"count":1,"href":"https:\/\/agora.xtec.cat\/ceipvistaalegre\/wp-json\/wp\/v2\/posts\/8815\/revisions"}],"predecessor-version":[{"id":8818,"href":"https:\/\/agora.xtec.cat\/ceipvistaalegre\/wp-json\/wp\/v2\/posts\/8815\/revisions\/8818"}],"wp:attachment":[{"href":"https:\/\/agora.xtec.cat\/ceipvistaalegre\/wp-json\/wp\/v2\/media?parent=8815"}],"wp:term":[{"taxonomy":"category","embeddable":true,"href":"https:\/\/agora.xtec.cat\/ceipvistaalegre\/wp-json\/wp\/v2\/categories?post=8815"},{"taxonomy":"post_tag","embeddable":true,"href":"https:\/\/agora.xtec.cat\/ceipvistaalegre\/wp-json\/wp\/v2\/tags?post=8815"}],"curies":[{"name":"wp","href":"https:\/\/api.w.org\/{rel}","templated":true}]}}