{"id":8781,"date":"2023-05-04T18:49:28","date_gmt":"2023-05-04T16:49:28","guid":{"rendered":"https:\/\/agora.xtec.cat\/ceipvistaalegre\/?p=8781"},"modified":"2023-05-04T18:49:28","modified_gmt":"2023-05-04T16:49:28","slug":"de-la-terra-al-plat","status":"publish","type":"post","link":"https:\/\/agora.xtec.cat\/ceipvistaalegre\/hort\/de-la-terra-al-plat\/","title":{"rendered":"DE LA TERRA AL PLAT"},"content":{"rendered":"<p>Els nens i nenes d&#8217;Educaci\u00f3 Infantil mimem molt el nostre Hort. Tant \u00e9s aix\u00ed, que al llarg d&#8217;aquests \u00faltims mesos, hem plantat i cuidat molt b\u00e9 les nostres enciams i ja estem veient els resultats. Comencem ara a fer la collita i a gaudir menjant el que hem cultivat. A l&#8217;aula de I5, hem fet una amanida i els infants l&#8217;han menjat amb molt de gust. Estem molt contents de tenir aquest tresor a l&#8217;escola: EL NOSTRE HORT.<\/p>\n<p><a href=\"https:\/\/agora.xtec.cat\/ceipvistaalegre\/wp-content\/uploads\/usu1936\/2023\/05\/1683218211364-2-scaled.jpg\"><img loading=\"lazy\" decoding=\"async\" class=\"alignnone size-large wp-image-8782\" src=\"https:\/\/agora.xtec.cat\/ceipvistaalegre\/wp-content\/uploads\/usu1936\/2023\/05\/1683218211364-2-768x1024.jpg\" alt=\"\" width=\"768\" height=\"1024\" srcset=\"https:\/\/agora.xtec.cat\/ceipvistaalegre\/wp-content\/uploads\/usu1936\/2023\/05\/1683218211364-2-768x1024.jpg 768w, https:\/\/agora.xtec.cat\/ceipvistaalegre\/wp-content\/uploads\/usu1936\/2023\/05\/1683218211364-2-225x300.jpg 225w, https:\/\/agora.xtec.cat\/ceipvistaalegre\/wp-content\/uploads\/usu1936\/2023\/05\/1683218211364-2-1152x1536.jpg 1152w, https:\/\/agora.xtec.cat\/ceipvistaalegre\/wp-content\/uploads\/usu1936\/2023\/05\/1683218211364-2-1536x2048.jpg 1536w, https:\/\/agora.xtec.cat\/ceipvistaalegre\/wp-content\/uploads\/usu1936\/2023\/05\/1683218211364-2-scaled.jpg 1920w\" sizes=\"auto, (max-width: 768px) 100vw, 768px\" \/><\/a><\/p>\n","protected":false},"excerpt":{"rendered":"<p>Els nens i nenes d&#8217;Educaci\u00f3 Infantil mimem molt el nostre Hort. Tant \u00e9s aix\u00ed, que al llarg d&#8217;aquests \u00faltims mesos, hem plantat i cuidat molt b\u00e9 les nostres enciams i ja estem veient els resultats. Comencem ara a fer la collita i a gaudir menjant&hellip;  <a href=\"https:\/\/agora.xtec.cat\/ceipvistaalegre\/hort\/de-la-terra-al-plat\/\" title=\"Read DE LA TERRA AL PLAT\">Llegeix m\u00e9s\u00bb<\/a><\/p>\n","protected":false},"author":25,"featured_media":0,"comment_status":"open","ping_status":"closed","sticky":false,"template":"","format":"standard","meta":{"_bbp_topic_count":0,"_bbp_reply_count":0,"_bbp_total_topic_count":0,"_bbp_total_reply_count":0,"_bbp_voice_count":0,"_bbp_anonymous_reply_count":0,"_bbp_topic_count_hidden":0,"_bbp_reply_count_hidden":0,"_bbp_forum_subforum_count":0,"footnotes":""},"categories":[220],"tags":[],"class_list":["post-8781","post","type-post","status-publish","format-standard","hentry","category-hort"],"post_mailing_queue_ids":[],"_links":{"self":[{"href":"https:\/\/agora.xtec.cat\/ceipvistaalegre\/wp-json\/wp\/v2\/posts\/8781","targetHints":{"allow":["GET"]}}],"collection":[{"href":"https:\/\/agora.xtec.cat\/ceipvistaalegre\/wp-json\/wp\/v2\/posts"}],"about":[{"href":"https:\/\/agora.xtec.cat\/ceipvistaalegre\/wp-json\/wp\/v2\/types\/post"}],"author":[{"embeddable":true,"href":"https:\/\/agora.xtec.cat\/ceipvistaalegre\/wp-json\/wp\/v2\/users\/25"}],"replies":[{"embeddable":true,"href":"https:\/\/agora.xtec.cat\/ceipvistaalegre\/wp-json\/wp\/v2\/comments?post=8781"}],"version-history":[{"count":1,"href":"https:\/\/agora.xtec.cat\/ceipvistaalegre\/wp-json\/wp\/v2\/posts\/8781\/revisions"}],"predecessor-version":[{"id":8783,"href":"https:\/\/agora.xtec.cat\/ceipvistaalegre\/wp-json\/wp\/v2\/posts\/8781\/revisions\/8783"}],"wp:attachment":[{"href":"https:\/\/agora.xtec.cat\/ceipvistaalegre\/wp-json\/wp\/v2\/media?parent=8781"}],"wp:term":[{"taxonomy":"category","embeddable":true,"href":"https:\/\/agora.xtec.cat\/ceipvistaalegre\/wp-json\/wp\/v2\/categories?post=8781"},{"taxonomy":"post_tag","embeddable":true,"href":"https:\/\/agora.xtec.cat\/ceipvistaalegre\/wp-json\/wp\/v2\/tags?post=8781"}],"curies":[{"name":"wp","href":"https:\/\/api.w.org\/{rel}","templated":true}]}}