{"id":8764,"date":"2023-05-02T08:00:25","date_gmt":"2023-05-02T06:00:25","guid":{"rendered":"https:\/\/agora.xtec.cat\/ceipvistaalegre\/?p=8764"},"modified":"2023-05-01T15:25:05","modified_gmt":"2023-05-01T13:25:05","slug":"projecte-la-vaca-sortida-a-la-granja","status":"publish","type":"post","link":"https:\/\/agora.xtec.cat\/ceipvistaalegre\/infantil\/infantil-3-anys\/projecte-la-vaca-sortida-a-la-granja\/","title":{"rendered":"Projecte la vaca: sortida a la granja."},"content":{"rendered":"<p><a href=\"https:\/\/agora.xtec.cat\/ceipvistaalegre\/?attachment_id=8766\" rel=\"attachment wp-att-8766\"><img loading=\"lazy\" decoding=\"async\" class=\"aligncenter size-full wp-image-8766\" src=\"https:\/\/agora.xtec.cat\/ceipvistaalegre\/wp-content\/uploads\/usu1936\/2023\/05\/WhatsApp-Image-2023-05-01-at-14.49.46_614x768.jpeg\" alt=\"\" width=\"614\" height=\"768\" srcset=\"https:\/\/agora.xtec.cat\/ceipvistaalegre\/wp-content\/uploads\/usu1936\/2023\/05\/WhatsApp-Image-2023-05-01-at-14.49.46_614x768.jpeg 614w, https:\/\/agora.xtec.cat\/ceipvistaalegre\/wp-content\/uploads\/usu1936\/2023\/05\/WhatsApp-Image-2023-05-01-at-14.49.46_614x768-240x300.jpeg 240w\" sizes=\"auto, (max-width: 614px) 100vw, 614px\" \/><\/a><\/p>\n<p>Com a cloenda del projecte &#8220;La vaca&#8221;, el passat divendres les nenes i els nens d&#8217;I3 vam anar a la granja Can Mas Pascual. Vam\u00a0 veure com s\u00f3n i com viuen les vaques i els vedells.<\/p>\n<p>Primer vam donar de menjar farratge a les vaques grans. Amb la seva llarga llengua s&#8217;ho menjaven tot ben r\u00e0pid. Despr\u00e9s ens vam trobar els seus fills, els vedells. Tamb\u00e9 estaven esperant l&#8217;hora de dinar per\u00f2 a ells el vam donar llet amb un biber\u00f3 especial. A continuaci\u00f3 ens van presentar la vaca Bruna que estava embarassada, vam\u00a0 notar i escoltar els moviments de l&#8217;embri\u00f3 dins la panxa de la mare. Vam\u00a0 munyir-la, aquest cop de veritat no com la de la classe. Quin animal tan gran i amb un p\u00e8l tan suau.<\/p>\n<p>Vam aprofitar per veure altres animals de la granja: aneguets, pollets, conills, gallines, rucs, cavalls&#8230;<\/p>\n<p>I finalment vam fer una volta en tractor com si f\u00f3ssim pageses i pagesos.<\/p>\n<p>Hem gaudit molt d&#8217;aquesta sortida i hem apr\u00e8s m\u00e9s coses de les vaques!!<\/p>\n","protected":false},"excerpt":{"rendered":"<p><a href=\"https:\/\/agora.xtec.cat\/ceipvistaalegre\/?attachment_id=8766\" rel=\"attachment wp-att-8766\"><\/a><br \/>\nCom a cloenda del projecte &#8220;La vaca&#8221;, el passat divendres les nenes i els nens d&#8217;I3 vam anar a la granja Can Mas Pascual. Vam\u00a0 veure com s\u00f3n i com viuen les vaques i els vedells.<br \/>\nPrimer vam donar de menjar farratge a&hellip;  <a href=\"https:\/\/agora.xtec.cat\/ceipvistaalegre\/infantil\/infantil-3-anys\/projecte-la-vaca-sortida-a-la-granja\/\" title=\"Read Projecte la vaca: sortida a la granja.\">Llegeix m\u00e9s\u00bb<\/a><\/p>\n","protected":false},"author":4,"featured_media":0,"comment_status":"open","ping_status":"closed","sticky":false,"template":"","format":"standard","meta":{"_bbp_topic_count":0,"_bbp_reply_count":0,"_bbp_total_topic_count":0,"_bbp_total_reply_count":0,"_bbp_voice_count":0,"_bbp_anonymous_reply_count":0,"_bbp_topic_count_hidden":0,"_bbp_reply_count_hidden":0,"_bbp_forum_subforum_count":0,"footnotes":""},"categories":[3],"tags":[275,271,16],"class_list":["post-8764","post","type-post","status-publish","format-standard","hentry","category-infantil-3-anys","tag-granja","tag-projecte-la-vaca","tag-sortides"],"post_mailing_queue_ids":[],"_links":{"self":[{"href":"https:\/\/agora.xtec.cat\/ceipvistaalegre\/wp-json\/wp\/v2\/posts\/8764","targetHints":{"allow":["GET"]}}],"collection":[{"href":"https:\/\/agora.xtec.cat\/ceipvistaalegre\/wp-json\/wp\/v2\/posts"}],"about":[{"href":"https:\/\/agora.xtec.cat\/ceipvistaalegre\/wp-json\/wp\/v2\/types\/post"}],"author":[{"embeddable":true,"href":"https:\/\/agora.xtec.cat\/ceipvistaalegre\/wp-json\/wp\/v2\/users\/4"}],"replies":[{"embeddable":true,"href":"https:\/\/agora.xtec.cat\/ceipvistaalegre\/wp-json\/wp\/v2\/comments?post=8764"}],"version-history":[{"count":3,"href":"https:\/\/agora.xtec.cat\/ceipvistaalegre\/wp-json\/wp\/v2\/posts\/8764\/revisions"}],"predecessor-version":[{"id":8768,"href":"https:\/\/agora.xtec.cat\/ceipvistaalegre\/wp-json\/wp\/v2\/posts\/8764\/revisions\/8768"}],"wp:attachment":[{"href":"https:\/\/agora.xtec.cat\/ceipvistaalegre\/wp-json\/wp\/v2\/media?parent=8764"}],"wp:term":[{"taxonomy":"category","embeddable":true,"href":"https:\/\/agora.xtec.cat\/ceipvistaalegre\/wp-json\/wp\/v2\/categories?post=8764"},{"taxonomy":"post_tag","embeddable":true,"href":"https:\/\/agora.xtec.cat\/ceipvistaalegre\/wp-json\/wp\/v2\/tags?post=8764"}],"curies":[{"name":"wp","href":"https:\/\/api.w.org\/{rel}","templated":true}]}}