{"id":8694,"date":"2023-04-20T19:10:35","date_gmt":"2023-04-20T17:10:35","guid":{"rendered":"https:\/\/agora.xtec.cat\/ceipvistaalegre\/?p=8694"},"modified":"2023-04-20T19:10:35","modified_gmt":"2023-04-20T17:10:35","slug":"sortida-coneguem-els-nostres-parcs","status":"publish","type":"post","link":"https:\/\/agora.xtec.cat\/ceipvistaalegre\/primaria\/6e\/sortida-coneguem-els-nostres-parcs\/","title":{"rendered":"SORTIDA: CONEGUEM ELS NOSTRES PARCS"},"content":{"rendered":"<p>Avui hem fet la sortida al Corredor: &#8220;Coneguem els nostres parcs&#8221;. Subvencionat per la Diputaci\u00f3 de Barcelona.<\/p>\n<p>L&#8217;objectiu d&#8217;aquesta sortida \u00e9s con\u00e8ixer el medi natural m\u00e9s proper i la sensibilitzaci\u00f3 envers el patrimoni natural i cultural. \u00c9s per aix\u00f2 que hem fet un itinerari pedag\u00f2gic guiat per una monitora especialitzada en educaci\u00f3 ambiental del Parc del Montnegre i el Corredor als espais naturals protegits de la Xarxa de Parcs Naturals.<\/p>\n<p><img loading=\"lazy\" decoding=\"async\" class=\"alignnone  wp-image-8695\" src=\"https:\/\/agora.xtec.cat\/ceipvistaalegre\/wp-content\/uploads\/usu1936\/2023\/04\/WhatsApp-Image-2023-04-20-at-19.06.17-1024x768.jpeg\" alt=\"\" width=\"283\" height=\"212\" srcset=\"https:\/\/agora.xtec.cat\/ceipvistaalegre\/wp-content\/uploads\/usu1936\/2023\/04\/WhatsApp-Image-2023-04-20-at-19.06.17-1024x768.jpeg 1024w, https:\/\/agora.xtec.cat\/ceipvistaalegre\/wp-content\/uploads\/usu1936\/2023\/04\/WhatsApp-Image-2023-04-20-at-19.06.17-300x225.jpeg 300w, https:\/\/agora.xtec.cat\/ceipvistaalegre\/wp-content\/uploads\/usu1936\/2023\/04\/WhatsApp-Image-2023-04-20-at-19.06.17-768x576.jpeg 768w, https:\/\/agora.xtec.cat\/ceipvistaalegre\/wp-content\/uploads\/usu1936\/2023\/04\/WhatsApp-Image-2023-04-20-at-19.06.17-1536x1152.jpeg 1536w, https:\/\/agora.xtec.cat\/ceipvistaalegre\/wp-content\/uploads\/usu1936\/2023\/04\/WhatsApp-Image-2023-04-20-at-19.06.17-200x150.jpeg 200w, https:\/\/agora.xtec.cat\/ceipvistaalegre\/wp-content\/uploads\/usu1936\/2023\/04\/WhatsApp-Image-2023-04-20-at-19.06.17.jpeg 2048w\" sizes=\"auto, (max-width: 283px) 100vw, 283px\" \/> <img loading=\"lazy\" decoding=\"async\" class=\"alignnone  wp-image-8696\" src=\"https:\/\/agora.xtec.cat\/ceipvistaalegre\/wp-content\/uploads\/usu1936\/2023\/04\/WhatsApp-Image-2023-04-20-at-19.07.30-1024x768.jpeg\" alt=\"\" width=\"285\" height=\"214\" srcset=\"https:\/\/agora.xtec.cat\/ceipvistaalegre\/wp-content\/uploads\/usu1936\/2023\/04\/WhatsApp-Image-2023-04-20-at-19.07.30-1024x768.jpeg 1024w, https:\/\/agora.xtec.cat\/ceipvistaalegre\/wp-content\/uploads\/usu1936\/2023\/04\/WhatsApp-Image-2023-04-20-at-19.07.30-300x225.jpeg 300w, https:\/\/agora.xtec.cat\/ceipvistaalegre\/wp-content\/uploads\/usu1936\/2023\/04\/WhatsApp-Image-2023-04-20-at-19.07.30-768x576.jpeg 768w, https:\/\/agora.xtec.cat\/ceipvistaalegre\/wp-content\/uploads\/usu1936\/2023\/04\/WhatsApp-Image-2023-04-20-at-19.07.30-1536x1152.jpeg 1536w, https:\/\/agora.xtec.cat\/ceipvistaalegre\/wp-content\/uploads\/usu1936\/2023\/04\/WhatsApp-Image-2023-04-20-at-19.07.30-200x150.jpeg 200w, https:\/\/agora.xtec.cat\/ceipvistaalegre\/wp-content\/uploads\/usu1936\/2023\/04\/WhatsApp-Image-2023-04-20-at-19.07.30.jpeg 2048w\" sizes=\"auto, (max-width: 285px) 100vw, 285px\" \/><\/p>\n","protected":false},"excerpt":{"rendered":"<p>Avui hem fet la sortida al Corredor: &#8220;Coneguem els nostres parcs&#8221;. Subvencionat per la Diputaci\u00f3 de Barcelona.<br \/>\nL&#8217;objectiu d&#8217;aquesta sortida \u00e9s con\u00e8ixer el medi natural m\u00e9s proper i la sensibilitzaci\u00f3 envers el patrimoni natural i cultural. \u00c9s per aix\u00f2 que hem fet un itinerari pedag\u00f2gic guiat&hellip;  <a href=\"https:\/\/agora.xtec.cat\/ceipvistaalegre\/primaria\/6e\/sortida-coneguem-els-nostres-parcs\/\" title=\"Read SORTIDA: CONEGUEM ELS NOSTRES PARCS\">Llegeix m\u00e9s\u00bb<\/a><\/p>\n","protected":false},"author":18,"featured_media":0,"comment_status":"open","ping_status":"closed","sticky":false,"template":"","format":"standard","meta":{"_bbp_topic_count":0,"_bbp_reply_count":0,"_bbp_total_topic_count":0,"_bbp_total_reply_count":0,"_bbp_voice_count":0,"_bbp_anonymous_reply_count":0,"_bbp_topic_count_hidden":0,"_bbp_reply_count_hidden":0,"_bbp_forum_subforum_count":0,"footnotes":""},"categories":[15],"tags":[],"class_list":["post-8694","post","type-post","status-publish","format-standard","hentry","category-6e"],"post_mailing_queue_ids":[],"_links":{"self":[{"href":"https:\/\/agora.xtec.cat\/ceipvistaalegre\/wp-json\/wp\/v2\/posts\/8694","targetHints":{"allow":["GET"]}}],"collection":[{"href":"https:\/\/agora.xtec.cat\/ceipvistaalegre\/wp-json\/wp\/v2\/posts"}],"about":[{"href":"https:\/\/agora.xtec.cat\/ceipvistaalegre\/wp-json\/wp\/v2\/types\/post"}],"author":[{"embeddable":true,"href":"https:\/\/agora.xtec.cat\/ceipvistaalegre\/wp-json\/wp\/v2\/users\/18"}],"replies":[{"embeddable":true,"href":"https:\/\/agora.xtec.cat\/ceipvistaalegre\/wp-json\/wp\/v2\/comments?post=8694"}],"version-history":[{"count":1,"href":"https:\/\/agora.xtec.cat\/ceipvistaalegre\/wp-json\/wp\/v2\/posts\/8694\/revisions"}],"predecessor-version":[{"id":8697,"href":"https:\/\/agora.xtec.cat\/ceipvistaalegre\/wp-json\/wp\/v2\/posts\/8694\/revisions\/8697"}],"wp:attachment":[{"href":"https:\/\/agora.xtec.cat\/ceipvistaalegre\/wp-json\/wp\/v2\/media?parent=8694"}],"wp:term":[{"taxonomy":"category","embeddable":true,"href":"https:\/\/agora.xtec.cat\/ceipvistaalegre\/wp-json\/wp\/v2\/categories?post=8694"},{"taxonomy":"post_tag","embeddable":true,"href":"https:\/\/agora.xtec.cat\/ceipvistaalegre\/wp-json\/wp\/v2\/tags?post=8694"}],"curies":[{"name":"wp","href":"https:\/\/api.w.org\/{rel}","templated":true}]}}