{"id":8684,"date":"2023-04-19T20:36:56","date_gmt":"2023-04-19T18:36:56","guid":{"rendered":"https:\/\/agora.xtec.cat\/ceipvistaalegre\/?p=8684"},"modified":"2023-04-19T20:36:56","modified_gmt":"2023-04-19T18:36:56","slug":"projecte-la-vaca-anem-a-munyir","status":"publish","type":"post","link":"https:\/\/agora.xtec.cat\/ceipvistaalegre\/infantil\/infantil-3-anys\/projecte-la-vaca-anem-a-munyir\/","title":{"rendered":"Projecte la vaca: anem a munyir!"},"content":{"rendered":"<p><a href=\"https:\/\/agora.xtec.cat\/ceipvistaalegre\/infantil\/infantil-3-anys\/projecte-la-vaca-anem-a-munyir\/attachment\/photo-output_4096x2300\/\" rel=\"attachment wp-att-8685\"><img loading=\"lazy\" decoding=\"async\" class=\"aligncenter wp-image-8685 size-large\" src=\"https:\/\/agora.xtec.cat\/ceipvistaalegre\/wp-content\/uploads\/usu1936\/2023\/04\/photo-output_4096x2300-1024x575.jpg\" alt=\"\" width=\"1024\" height=\"575\" srcset=\"https:\/\/agora.xtec.cat\/ceipvistaalegre\/wp-content\/uploads\/usu1936\/2023\/04\/photo-output_4096x2300-1024x575.jpg 1024w, https:\/\/agora.xtec.cat\/ceipvistaalegre\/wp-content\/uploads\/usu1936\/2023\/04\/photo-output_4096x2300-300x168.jpg 300w, https:\/\/agora.xtec.cat\/ceipvistaalegre\/wp-content\/uploads\/usu1936\/2023\/04\/photo-output_4096x2300-768x431.jpg 768w, https:\/\/agora.xtec.cat\/ceipvistaalegre\/wp-content\/uploads\/usu1936\/2023\/04\/photo-output_4096x2300-1536x863.jpg 1536w, https:\/\/agora.xtec.cat\/ceipvistaalegre\/wp-content\/uploads\/usu1936\/2023\/04\/photo-output_4096x2300-2048x1150.jpg 2048w\" sizes=\"auto, (max-width: 1024px) 100vw, 1024px\" \/><\/a><\/p>\n<p>Les nenes i els nens de la classe d&#8217;I3 estem aprenent moltes coses de la vaca. Avui hem descobert d&#8217;on surt la llet que la vaca li dona al vedell: l&#8217;emmagatzema al &#8220;braguer&#8221; i surt pels quatre pits que t\u00e9 la mare vaca. Despr\u00e9s hem munyit la vaca a m\u00e0 com encara es fa <span style=\"font-family: inherit; font-size: 1em;\">en algunes granges petites on tenen una o dues vaques. <\/span><span style=\"font-family: inherit; font-size: 1em;\">Pensant, pensant ara ja sabem d&#8217;on ve la llet que prenem a casa. Quins experts i expertes!<\/span><\/p>\n","protected":false},"excerpt":{"rendered":"<p><a href=\"https:\/\/agora.xtec.cat\/ceipvistaalegre\/infantil\/infantil-3-anys\/projecte-la-vaca-anem-a-munyir\/attachment\/photo-output_4096x2300\/\" rel=\"attachment wp-att-8685\"><\/a><br \/>\nLes nenes i els nens de la classe d&#8217;I3 estem aprenent moltes coses de la vaca. Avui hem descobert d&#8217;on surt la llet que la vaca li dona al vedell: l&#8217;emmagatzema al &#8220;braguer&#8221; i surt pels quatre pits que t\u00e9 la mare&hellip;  <a href=\"https:\/\/agora.xtec.cat\/ceipvistaalegre\/infantil\/infantil-3-anys\/projecte-la-vaca-anem-a-munyir\/\" title=\"Read Projecte la vaca: anem a munyir!\">Llegeix m\u00e9s\u00bb<\/a><\/p>\n","protected":false},"author":4,"featured_media":0,"comment_status":"open","ping_status":"closed","sticky":false,"template":"","format":"standard","meta":{"_bbp_topic_count":0,"_bbp_reply_count":0,"_bbp_total_topic_count":0,"_bbp_total_reply_count":0,"_bbp_voice_count":0,"_bbp_anonymous_reply_count":0,"_bbp_topic_count_hidden":0,"_bbp_reply_count_hidden":0,"_bbp_forum_subforum_count":0,"footnotes":""},"categories":[3],"tags":[272,271,122],"class_list":["post-8684","post","type-post","status-publish","format-standard","hentry","category-infantil-3-anys","tag-experimentacio","tag-projecte-la-vaca","tag-projectes"],"post_mailing_queue_ids":[],"_links":{"self":[{"href":"https:\/\/agora.xtec.cat\/ceipvistaalegre\/wp-json\/wp\/v2\/posts\/8684","targetHints":{"allow":["GET"]}}],"collection":[{"href":"https:\/\/agora.xtec.cat\/ceipvistaalegre\/wp-json\/wp\/v2\/posts"}],"about":[{"href":"https:\/\/agora.xtec.cat\/ceipvistaalegre\/wp-json\/wp\/v2\/types\/post"}],"author":[{"embeddable":true,"href":"https:\/\/agora.xtec.cat\/ceipvistaalegre\/wp-json\/wp\/v2\/users\/4"}],"replies":[{"embeddable":true,"href":"https:\/\/agora.xtec.cat\/ceipvistaalegre\/wp-json\/wp\/v2\/comments?post=8684"}],"version-history":[{"count":3,"href":"https:\/\/agora.xtec.cat\/ceipvistaalegre\/wp-json\/wp\/v2\/posts\/8684\/revisions"}],"predecessor-version":[{"id":8688,"href":"https:\/\/agora.xtec.cat\/ceipvistaalegre\/wp-json\/wp\/v2\/posts\/8684\/revisions\/8688"}],"wp:attachment":[{"href":"https:\/\/agora.xtec.cat\/ceipvistaalegre\/wp-json\/wp\/v2\/media?parent=8684"}],"wp:term":[{"taxonomy":"category","embeddable":true,"href":"https:\/\/agora.xtec.cat\/ceipvistaalegre\/wp-json\/wp\/v2\/categories?post=8684"},{"taxonomy":"post_tag","embeddable":true,"href":"https:\/\/agora.xtec.cat\/ceipvistaalegre\/wp-json\/wp\/v2\/tags?post=8684"}],"curies":[{"name":"wp","href":"https:\/\/api.w.org\/{rel}","templated":true}]}}