{"id":8629,"date":"2023-03-22T12:49:18","date_gmt":"2023-03-22T11:49:18","guid":{"rendered":"https:\/\/agora.xtec.cat\/ceipvistaalegre\/?p=8629"},"modified":"2023-03-22T12:49:18","modified_gmt":"2023-03-22T11:49:18","slug":"racons-de-geometria","status":"publish","type":"post","link":"https:\/\/agora.xtec.cat\/ceipvistaalegre\/primaria\/4t\/racons-de-geometria\/","title":{"rendered":"Racons de geometria"},"content":{"rendered":"<p>A l&#8217;\u00e0rea de matem\u00e0tiques estem comen\u00e7ant un nou tema: la geometria.<\/p>\n<p>Abans de comen\u00e7ar amb els conceptes m\u00e9s te\u00f2rics hem dedicat unes sessions a fer uns racons de geometria fent servir material manipulatiu. Ens hem ajuntat amb grups de 5 o 6 alumnes i hem anat rotant per les diferents activitats: tangram, katamino, planiformes, pentamino, connexions&#8230;<\/p>\n<p>Ara que ja hem vist, manipulat i apr\u00e8s diferents formes i figures geom\u00e8triques, ja estem apunt per endinsar-nos m\u00e9s amb aquest tema.<\/p>\n<p style=\"text-align: center\"><a href=\"https:\/\/agora.xtec.cat\/ceipvistaalegre\/wp-content\/uploads\/usu1936\/2023\/03\/page0-3.jpg\"><img loading=\"lazy\" decoding=\"async\" class=\"aligncenter size-full wp-image-8628\" src=\"https:\/\/agora.xtec.cat\/ceipvistaalegre\/wp-content\/uploads\/usu1936\/2023\/03\/page0-3.jpg\" alt=\"\" width=\"720\" height=\"1280\" srcset=\"https:\/\/agora.xtec.cat\/ceipvistaalegre\/wp-content\/uploads\/usu1936\/2023\/03\/page0-3.jpg 720w, https:\/\/agora.xtec.cat\/ceipvistaalegre\/wp-content\/uploads\/usu1936\/2023\/03\/page0-3-169x300.jpg 169w, https:\/\/agora.xtec.cat\/ceipvistaalegre\/wp-content\/uploads\/usu1936\/2023\/03\/page0-3-576x1024.jpg 576w\" sizes=\"auto, (max-width: 720px) 100vw, 720px\" \/><\/a><\/p>\n","protected":false},"excerpt":{"rendered":"<p>A l&#8217;\u00e0rea de matem\u00e0tiques estem comen\u00e7ant un nou tema: la geometria.<br \/>\nAbans de comen\u00e7ar amb els conceptes m\u00e9s te\u00f2rics hem dedicat unes sessions a fer uns racons de geometria fent servir material manipulatiu. Ens hem ajuntat amb grups de 5 o 6 alumnes i hem anat&hellip;  <a href=\"https:\/\/agora.xtec.cat\/ceipvistaalegre\/primaria\/4t\/racons-de-geometria\/\" title=\"Read Racons de geometria\">Llegeix m\u00e9s\u00bb<\/a><\/p>\n","protected":false},"author":22,"featured_media":0,"comment_status":"open","ping_status":"closed","sticky":false,"template":"","format":"standard","meta":{"_bbp_topic_count":0,"_bbp_reply_count":0,"_bbp_total_topic_count":0,"_bbp_total_reply_count":0,"_bbp_voice_count":0,"_bbp_anonymous_reply_count":0,"_bbp_topic_count_hidden":0,"_bbp_reply_count_hidden":0,"_bbp_forum_subforum_count":0,"footnotes":""},"categories":[13],"tags":[],"class_list":["post-8629","post","type-post","status-publish","format-standard","hentry","category-4t"],"post_mailing_queue_ids":[],"_links":{"self":[{"href":"https:\/\/agora.xtec.cat\/ceipvistaalegre\/wp-json\/wp\/v2\/posts\/8629","targetHints":{"allow":["GET"]}}],"collection":[{"href":"https:\/\/agora.xtec.cat\/ceipvistaalegre\/wp-json\/wp\/v2\/posts"}],"about":[{"href":"https:\/\/agora.xtec.cat\/ceipvistaalegre\/wp-json\/wp\/v2\/types\/post"}],"author":[{"embeddable":true,"href":"https:\/\/agora.xtec.cat\/ceipvistaalegre\/wp-json\/wp\/v2\/users\/22"}],"replies":[{"embeddable":true,"href":"https:\/\/agora.xtec.cat\/ceipvistaalegre\/wp-json\/wp\/v2\/comments?post=8629"}],"version-history":[{"count":2,"href":"https:\/\/agora.xtec.cat\/ceipvistaalegre\/wp-json\/wp\/v2\/posts\/8629\/revisions"}],"predecessor-version":[{"id":8631,"href":"https:\/\/agora.xtec.cat\/ceipvistaalegre\/wp-json\/wp\/v2\/posts\/8629\/revisions\/8631"}],"wp:attachment":[{"href":"https:\/\/agora.xtec.cat\/ceipvistaalegre\/wp-json\/wp\/v2\/media?parent=8629"}],"wp:term":[{"taxonomy":"category","embeddable":true,"href":"https:\/\/agora.xtec.cat\/ceipvistaalegre\/wp-json\/wp\/v2\/categories?post=8629"},{"taxonomy":"post_tag","embeddable":true,"href":"https:\/\/agora.xtec.cat\/ceipvistaalegre\/wp-json\/wp\/v2\/tags?post=8629"}],"curies":[{"name":"wp","href":"https:\/\/api.w.org\/{rel}","templated":true}]}}