{"id":8576,"date":"2023-03-14T13:54:56","date_gmt":"2023-03-14T12:54:56","guid":{"rendered":"https:\/\/agora.xtec.cat\/ceipvistaalegre\/?p=8576"},"modified":"2023-03-14T13:54:56","modified_gmt":"2023-03-14T12:54:56","slug":"segona-visita-de-la-mar-cano","status":"publish","type":"post","link":"https:\/\/agora.xtec.cat\/ceipvistaalegre\/primaria\/5e\/segona-visita-de-la-mar-cano\/","title":{"rendered":"Segona visita de la Mar Cano"},"content":{"rendered":"<p>El dia 24 de febrer va venir la Mar\u00a0<span class=\"hiddenSpellError\">Cano<\/span>\u00a0(representant de l&#8217;<span class=\"hiddenGrammarError\" style=\"padding-bottom: 2px;background-image: url('..\/..\/..\/..\/..\/images\/squiggle.png');background-position: left bottom;cursor: default;color: #000000;font-family: 'Open Sans', Helvetica, Arial, sans-serif;font-size: 16px;font-style: normal;font-weight: 300;letter-spacing: normal;text-align: start;text-indent: 0px;text-transform: none\">ajuntament<\/span>\u00a0de Matar\u00f3 pel projecte\u00a0<span class=\"hiddenSpellError\">CUEME<\/span>). Ens va donar el NIF i ens va explicar que totes les empreses tenen un i que si aquest comen\u00e7a per la lletra F es\u00a0<span class=\"hiddenGreenError\" style=\"padding-bottom: 2px;background-image: url('..\/..\/..\/..\/..\/images\/squiggle_green.png');background-position: left bottom;cursor: default;color: #000000;font-family: 'Open Sans', Helvetica, Arial, sans-serif;font-size: 16px;font-style: normal;font-weight: 300;letter-spacing: normal;text-align: start;text-indent: 0px;text-transform: none\">tracta<\/span>\u00a0d&#8217;una cooperativa (com \u00e9s el cas de la nostra).<\/p>\n<p>Nosaltres vam ensenyar-li el nostre logo i lema &#8220;tots sumem&#8221;. Despr\u00e9s, vam presentar-li el nostre equip directiu: l&#8217;<span class=\"hiddenSpellError\">Ivette<\/span>\u00a0presidenta, Juliana; vicepresidenta, Paula P; secret\u00e0ria i Mario; tresorer.<\/p>\n<p>Tamb\u00e9 vam explicar-li que el 50% dels diners rebuts els donarem, com ja us vam explicar en una entrada anterior, a l&#8217;associaci\u00f3\u00a0<span class=\"hiddenSpellError\">AGIM<\/span>\u00a0que treballa amb malalts mentals i f\u00edsics.<\/p>\n<p>Aix\u00ed mateix,\u00a0vam explicar-li els diferents departaments de treball que hem creat: comptabilitat, m\u00e0rqueting i publicitat, qualitat, organitzaci\u00f3 i producci\u00f3 (on estem tots els socis i s\u00f2cies).<\/p>\n<p>Finalment, ens va fer entrega d&#8217;un regal molt especial: una placa de fusta que certifica que l&#8217;escola participa en aquest programa.<\/p>\n<p>Ja heu trobat aquesta placa de la qual hem parlat? \ud83d\ude09<\/p>\n<p>&nbsp;<\/p>\n<p><em><strong>Juliana Goerlich, vicepresidenta.<\/strong><\/em><\/p>\n<p><a href=\"https:\/\/agora.xtec.cat\/ceipvistaalegre\/wp-content\/uploads\/usu1936\/2023\/03\/IMG20230224110034-1-scaled.jpg\"><img loading=\"lazy\" decoding=\"async\" class=\"alignnone size-large wp-image-8577\" src=\"https:\/\/agora.xtec.cat\/ceipvistaalegre\/wp-content\/uploads\/usu1936\/2023\/03\/IMG20230224110034-1-768x1024.jpg\" alt=\"\" width=\"768\" height=\"1024\" srcset=\"https:\/\/agora.xtec.cat\/ceipvistaalegre\/wp-content\/uploads\/usu1936\/2023\/03\/IMG20230224110034-1-768x1024.jpg 768w, https:\/\/agora.xtec.cat\/ceipvistaalegre\/wp-content\/uploads\/usu1936\/2023\/03\/IMG20230224110034-1-225x300.jpg 225w, https:\/\/agora.xtec.cat\/ceipvistaalegre\/wp-content\/uploads\/usu1936\/2023\/03\/IMG20230224110034-1-1152x1536.jpg 1152w, https:\/\/agora.xtec.cat\/ceipvistaalegre\/wp-content\/uploads\/usu1936\/2023\/03\/IMG20230224110034-1-1536x2048.jpg 1536w, https:\/\/agora.xtec.cat\/ceipvistaalegre\/wp-content\/uploads\/usu1936\/2023\/03\/IMG20230224110034-1-scaled.jpg 1920w\" sizes=\"auto, (max-width: 768px) 100vw, 768px\" \/><\/a><\/p>\n","protected":false},"excerpt":{"rendered":"<p>El dia 24 de febrer va venir la Mar\u00a0Cano\u00a0(representant de l&#8217;ajuntament\u00a0de Matar\u00f3 pel projecte\u00a0CUEME). Ens va donar el NIF i ens va explicar que totes les empreses tenen un i que si aquest comen\u00e7a per la lletra F es\u00a0tracta\u00a0d&#8217;una cooperativa (com \u00e9s el cas de&hellip;  <a href=\"https:\/\/agora.xtec.cat\/ceipvistaalegre\/primaria\/5e\/segona-visita-de-la-mar-cano\/\" title=\"Read Segona visita de la Mar Cano\">Llegeix m\u00e9s\u00bb<\/a><\/p>\n","protected":false},"author":31,"featured_media":0,"comment_status":"open","ping_status":"closed","sticky":false,"template":"","format":"standard","meta":{"_bbp_topic_count":0,"_bbp_reply_count":0,"_bbp_total_topic_count":0,"_bbp_total_reply_count":0,"_bbp_voice_count":0,"_bbp_anonymous_reply_count":0,"_bbp_topic_count_hidden":0,"_bbp_reply_count_hidden":0,"_bbp_forum_subforum_count":0,"footnotes":""},"categories":[14],"tags":[],"class_list":["post-8576","post","type-post","status-publish","format-standard","hentry","category-5e"],"post_mailing_queue_ids":[],"_links":{"self":[{"href":"https:\/\/agora.xtec.cat\/ceipvistaalegre\/wp-json\/wp\/v2\/posts\/8576","targetHints":{"allow":["GET"]}}],"collection":[{"href":"https:\/\/agora.xtec.cat\/ceipvistaalegre\/wp-json\/wp\/v2\/posts"}],"about":[{"href":"https:\/\/agora.xtec.cat\/ceipvistaalegre\/wp-json\/wp\/v2\/types\/post"}],"author":[{"embeddable":true,"href":"https:\/\/agora.xtec.cat\/ceipvistaalegre\/wp-json\/wp\/v2\/users\/31"}],"replies":[{"embeddable":true,"href":"https:\/\/agora.xtec.cat\/ceipvistaalegre\/wp-json\/wp\/v2\/comments?post=8576"}],"version-history":[{"count":3,"href":"https:\/\/agora.xtec.cat\/ceipvistaalegre\/wp-json\/wp\/v2\/posts\/8576\/revisions"}],"predecessor-version":[{"id":8580,"href":"https:\/\/agora.xtec.cat\/ceipvistaalegre\/wp-json\/wp\/v2\/posts\/8576\/revisions\/8580"}],"wp:attachment":[{"href":"https:\/\/agora.xtec.cat\/ceipvistaalegre\/wp-json\/wp\/v2\/media?parent=8576"}],"wp:term":[{"taxonomy":"category","embeddable":true,"href":"https:\/\/agora.xtec.cat\/ceipvistaalegre\/wp-json\/wp\/v2\/categories?post=8576"},{"taxonomy":"post_tag","embeddable":true,"href":"https:\/\/agora.xtec.cat\/ceipvistaalegre\/wp-json\/wp\/v2\/tags?post=8576"}],"curies":[{"name":"wp","href":"https:\/\/api.w.org\/{rel}","templated":true}]}}