{"id":8570,"date":"2023-03-14T13:34:26","date_gmt":"2023-03-14T12:34:26","guid":{"rendered":"https:\/\/agora.xtec.cat\/ceipvistaalegre\/?p=8570"},"modified":"2023-03-14T13:34:26","modified_gmt":"2023-03-14T12:34:26","slug":"it-dansa-auditori-de-sant-cugat","status":"publish","type":"post","link":"https:\/\/agora.xtec.cat\/ceipvistaalegre\/primaria\/5e\/it-dansa-auditori-de-sant-cugat\/","title":{"rendered":"IT DANSA &#8211; Auditori de Sant Cugat"},"content":{"rendered":"<p>El passat dijous 9 de mar\u00e7, els alumnes de cinqu\u00e8 i sis\u00e8, vam anar d\u2019excursi\u00f3 a veure un espectacle de \u201cdansa contempor\u00e0nia\u201d de la companyia\u00a0 IT DANSA.\u00a0 IT Dansa \u00e9s una companyia jove de l&#8217;Institut del Teatre. Es tracta d&#8217;un projecte pedag\u00f2gic creat el 1996 com a curs de postgrau per al perfeccionament de la formaci\u00f3 de joves ballarins i ballarines.<\/p>\n<p>Vam veure 3 peces: TWENTY EIGHT THOUSAND WAVES,THE PROM i KAASH.\u00a0 Totes tres ens van agradar, per\u00f2 si hem de triar una, sense cap mena de dubte, ens quedem amb la segona. Ens va encantar!<\/p>\n<div><\/div>\n<div>Per si us ve de gust veure un tros de l&#8217;\u00faltima obra, us deixem aquest enlla\u00e7 a youtube:<\/div>\n<div><\/div>\n<div><\/div>\n<div><\/div>\n<div>https:\/\/www.youtube.com\/watch?v=erLiIMvPUhg<\/div>\n<div><\/div>\n<div><\/div>\n<div><\/div>\n<div><\/div>\n<div><\/div>\n<div><a href=\"https:\/\/agora.xtec.cat\/ceipvistaalegre\/wp-content\/uploads\/usu1936\/2023\/03\/IMG20230309134857-1-1-scaled.jpg\"><img loading=\"lazy\" decoding=\"async\" class=\"alignnone size-large wp-image-8571\" src=\"https:\/\/agora.xtec.cat\/ceipvistaalegre\/wp-content\/uploads\/usu1936\/2023\/03\/IMG20230309134857-1-1-768x1024.jpg\" alt=\"\" width=\"768\" height=\"1024\" srcset=\"https:\/\/agora.xtec.cat\/ceipvistaalegre\/wp-content\/uploads\/usu1936\/2023\/03\/IMG20230309134857-1-1-768x1024.jpg 768w, https:\/\/agora.xtec.cat\/ceipvistaalegre\/wp-content\/uploads\/usu1936\/2023\/03\/IMG20230309134857-1-1-225x300.jpg 225w, https:\/\/agora.xtec.cat\/ceipvistaalegre\/wp-content\/uploads\/usu1936\/2023\/03\/IMG20230309134857-1-1-1152x1536.jpg 1152w, https:\/\/agora.xtec.cat\/ceipvistaalegre\/wp-content\/uploads\/usu1936\/2023\/03\/IMG20230309134857-1-1-1536x2048.jpg 1536w, https:\/\/agora.xtec.cat\/ceipvistaalegre\/wp-content\/uploads\/usu1936\/2023\/03\/IMG20230309134857-1-1-scaled.jpg 1920w\" sizes=\"auto, (max-width: 768px) 100vw, 768px\" \/><\/a><\/div>\n<div><\/div>\n<p>&nbsp;<\/p>\n","protected":false},"excerpt":{"rendered":"<p>El passat dijous 9 de mar\u00e7, els alumnes de cinqu\u00e8 i sis\u00e8, vam anar d\u2019excursi\u00f3 a veure un espectacle de \u201cdansa contempor\u00e0nia\u201d de la companyia\u00a0 IT DANSA.\u00a0 IT Dansa \u00e9s una companyia jove de l&#8217;Institut del Teatre. Es tracta d&#8217;un projecte pedag\u00f2gic creat el 1996&hellip;  <a href=\"https:\/\/agora.xtec.cat\/ceipvistaalegre\/primaria\/5e\/it-dansa-auditori-de-sant-cugat\/\" title=\"Read IT DANSA &#8211; Auditori de Sant Cugat\">Llegeix m\u00e9s\u00bb<\/a><\/p>\n","protected":false},"author":31,"featured_media":8575,"comment_status":"open","ping_status":"closed","sticky":false,"template":"","format":"standard","meta":{"_bbp_topic_count":0,"_bbp_reply_count":0,"_bbp_total_topic_count":0,"_bbp_total_reply_count":0,"_bbp_voice_count":0,"_bbp_anonymous_reply_count":0,"_bbp_topic_count_hidden":0,"_bbp_reply_count_hidden":0,"_bbp_forum_subforum_count":0,"footnotes":""},"categories":[14],"tags":[16],"class_list":["post-8570","post","type-post","status-publish","format-standard","has-post-thumbnail","hentry","category-5e","tag-sortides"],"post_mailing_queue_ids":[],"_links":{"self":[{"href":"https:\/\/agora.xtec.cat\/ceipvistaalegre\/wp-json\/wp\/v2\/posts\/8570","targetHints":{"allow":["GET"]}}],"collection":[{"href":"https:\/\/agora.xtec.cat\/ceipvistaalegre\/wp-json\/wp\/v2\/posts"}],"about":[{"href":"https:\/\/agora.xtec.cat\/ceipvistaalegre\/wp-json\/wp\/v2\/types\/post"}],"author":[{"embeddable":true,"href":"https:\/\/agora.xtec.cat\/ceipvistaalegre\/wp-json\/wp\/v2\/users\/31"}],"replies":[{"embeddable":true,"href":"https:\/\/agora.xtec.cat\/ceipvistaalegre\/wp-json\/wp\/v2\/comments?post=8570"}],"version-history":[{"count":3,"href":"https:\/\/agora.xtec.cat\/ceipvistaalegre\/wp-json\/wp\/v2\/posts\/8570\/revisions"}],"predecessor-version":[{"id":8574,"href":"https:\/\/agora.xtec.cat\/ceipvistaalegre\/wp-json\/wp\/v2\/posts\/8570\/revisions\/8574"}],"wp:featuredmedia":[{"embeddable":true,"href":"https:\/\/agora.xtec.cat\/ceipvistaalegre\/wp-json\/wp\/v2\/media\/8575"}],"wp:attachment":[{"href":"https:\/\/agora.xtec.cat\/ceipvistaalegre\/wp-json\/wp\/v2\/media?parent=8570"}],"wp:term":[{"taxonomy":"category","embeddable":true,"href":"https:\/\/agora.xtec.cat\/ceipvistaalegre\/wp-json\/wp\/v2\/categories?post=8570"},{"taxonomy":"post_tag","embeddable":true,"href":"https:\/\/agora.xtec.cat\/ceipvistaalegre\/wp-json\/wp\/v2\/tags?post=8570"}],"curies":[{"name":"wp","href":"https:\/\/api.w.org\/{rel}","templated":true}]}}