{"id":8566,"date":"2023-03-13T20:57:10","date_gmt":"2023-03-13T19:57:10","guid":{"rendered":"https:\/\/agora.xtec.cat\/ceipvistaalegre\/?p=8566"},"modified":"2023-03-13T20:57:10","modified_gmt":"2023-03-13T19:57:10","slug":"teatre-auditori-sant-cugat","status":"publish","type":"post","link":"https:\/\/agora.xtec.cat\/ceipvistaalegre\/primaria\/6e\/teatre-auditori-sant-cugat\/","title":{"rendered":"TEATRE-AUDITORI SANT CUGAT"},"content":{"rendered":"<p>Els alumnes de cinqu\u00e8 i sis\u00e8, dijous vam anar d&#8217;excursi\u00f3 a veure &#8220;dansa contempor\u00e0nia&#8221;. IT DANSA, \u00e9s una companyia de l&#8217;institut del teatre de Barcelona l&#8217;any 1998, amb la finalitat d&#8217;afavorir el perfeccionament i la professionalitzaci\u00f3 de joves ballarins i ballarines.<\/p>\n<p>Vam veure tres coreografies d&#8217;estils molt diferents, carregades d&#8217;energia i bones vibracions. Despr\u00e9s de veure l&#8217;espectacle, vam anar a dinar a un parc de Sant Cugat. Va ser una sortida molt interessant i enriquidora.<\/p>\n<p><img loading=\"lazy\" decoding=\"async\" class=\"alignnone  wp-image-8567\" src=\"https:\/\/agora.xtec.cat\/ceipvistaalegre\/wp-content\/uploads\/usu1936\/2023\/03\/1678381859598-768x1024.jpg\" alt=\"\" width=\"250\" height=\"334\" srcset=\"https:\/\/agora.xtec.cat\/ceipvistaalegre\/wp-content\/uploads\/usu1936\/2023\/03\/1678381859598-768x1024.jpg 768w, https:\/\/agora.xtec.cat\/ceipvistaalegre\/wp-content\/uploads\/usu1936\/2023\/03\/1678381859598-225x300.jpg 225w, https:\/\/agora.xtec.cat\/ceipvistaalegre\/wp-content\/uploads\/usu1936\/2023\/03\/1678381859598-1152x1536.jpg 1152w, https:\/\/agora.xtec.cat\/ceipvistaalegre\/wp-content\/uploads\/usu1936\/2023\/03\/1678381859598-1536x2048.jpg 1536w, https:\/\/agora.xtec.cat\/ceipvistaalegre\/wp-content\/uploads\/usu1936\/2023\/03\/1678381859598-scaled.jpg 1920w\" sizes=\"auto, (max-width: 250px) 100vw, 250px\" \/> <img loading=\"lazy\" decoding=\"async\" class=\"alignnone  wp-image-8568\" src=\"https:\/\/agora.xtec.cat\/ceipvistaalegre\/wp-content\/uploads\/usu1936\/2023\/03\/WhatsApp-Image-2023-03-13-at-20.49.08-1024x768.jpeg\" alt=\"\" width=\"312\" height=\"234\" srcset=\"https:\/\/agora.xtec.cat\/ceipvistaalegre\/wp-content\/uploads\/usu1936\/2023\/03\/WhatsApp-Image-2023-03-13-at-20.49.08-1024x768.jpeg 1024w, https:\/\/agora.xtec.cat\/ceipvistaalegre\/wp-content\/uploads\/usu1936\/2023\/03\/WhatsApp-Image-2023-03-13-at-20.49.08-300x225.jpeg 300w, https:\/\/agora.xtec.cat\/ceipvistaalegre\/wp-content\/uploads\/usu1936\/2023\/03\/WhatsApp-Image-2023-03-13-at-20.49.08-768x576.jpeg 768w, https:\/\/agora.xtec.cat\/ceipvistaalegre\/wp-content\/uploads\/usu1936\/2023\/03\/WhatsApp-Image-2023-03-13-at-20.49.08-1536x1152.jpeg 1536w, https:\/\/agora.xtec.cat\/ceipvistaalegre\/wp-content\/uploads\/usu1936\/2023\/03\/WhatsApp-Image-2023-03-13-at-20.49.08-200x150.jpeg 200w, https:\/\/agora.xtec.cat\/ceipvistaalegre\/wp-content\/uploads\/usu1936\/2023\/03\/WhatsApp-Image-2023-03-13-at-20.49.08.jpeg 2048w\" sizes=\"auto, (max-width: 312px) 100vw, 312px\" \/><\/p>\n","protected":false},"excerpt":{"rendered":"<p>Els alumnes de cinqu\u00e8 i sis\u00e8, dijous vam anar d&#8217;excursi\u00f3 a veure &#8220;dansa contempor\u00e0nia&#8221;. IT DANSA, \u00e9s una companyia de l&#8217;institut del teatre de Barcelona l&#8217;any 1998, amb la finalitat d&#8217;afavorir el perfeccionament i la professionalitzaci\u00f3 de joves ballarins i ballarines.<br \/>\nVam veure tres coreografies d&#8217;estils&hellip;  <a href=\"https:\/\/agora.xtec.cat\/ceipvistaalegre\/primaria\/6e\/teatre-auditori-sant-cugat\/\" title=\"Read TEATRE-AUDITORI SANT CUGAT\">Llegeix m\u00e9s\u00bb<\/a><\/p>\n","protected":false},"author":18,"featured_media":0,"comment_status":"open","ping_status":"closed","sticky":false,"template":"","format":"standard","meta":{"_bbp_topic_count":0,"_bbp_reply_count":0,"_bbp_total_topic_count":0,"_bbp_total_reply_count":0,"_bbp_voice_count":0,"_bbp_anonymous_reply_count":0,"_bbp_topic_count_hidden":0,"_bbp_reply_count_hidden":0,"_bbp_forum_subforum_count":0,"footnotes":""},"categories":[15],"tags":[],"class_list":["post-8566","post","type-post","status-publish","format-standard","hentry","category-6e"],"post_mailing_queue_ids":[],"_links":{"self":[{"href":"https:\/\/agora.xtec.cat\/ceipvistaalegre\/wp-json\/wp\/v2\/posts\/8566","targetHints":{"allow":["GET"]}}],"collection":[{"href":"https:\/\/agora.xtec.cat\/ceipvistaalegre\/wp-json\/wp\/v2\/posts"}],"about":[{"href":"https:\/\/agora.xtec.cat\/ceipvistaalegre\/wp-json\/wp\/v2\/types\/post"}],"author":[{"embeddable":true,"href":"https:\/\/agora.xtec.cat\/ceipvistaalegre\/wp-json\/wp\/v2\/users\/18"}],"replies":[{"embeddable":true,"href":"https:\/\/agora.xtec.cat\/ceipvistaalegre\/wp-json\/wp\/v2\/comments?post=8566"}],"version-history":[{"count":1,"href":"https:\/\/agora.xtec.cat\/ceipvistaalegre\/wp-json\/wp\/v2\/posts\/8566\/revisions"}],"predecessor-version":[{"id":8569,"href":"https:\/\/agora.xtec.cat\/ceipvistaalegre\/wp-json\/wp\/v2\/posts\/8566\/revisions\/8569"}],"wp:attachment":[{"href":"https:\/\/agora.xtec.cat\/ceipvistaalegre\/wp-json\/wp\/v2\/media?parent=8566"}],"wp:term":[{"taxonomy":"category","embeddable":true,"href":"https:\/\/agora.xtec.cat\/ceipvistaalegre\/wp-json\/wp\/v2\/categories?post=8566"},{"taxonomy":"post_tag","embeddable":true,"href":"https:\/\/agora.xtec.cat\/ceipvistaalegre\/wp-json\/wp\/v2\/tags?post=8566"}],"curies":[{"name":"wp","href":"https:\/\/api.w.org\/{rel}","templated":true}]}}