{"id":8467,"date":"2023-02-28T10:46:39","date_gmt":"2023-02-28T09:46:39","guid":{"rendered":"https:\/\/agora.xtec.cat\/ceipvistaalegre\/?p=8467"},"modified":"2023-02-28T10:46:45","modified_gmt":"2023-02-28T09:46:45","slug":"portes-obertes-2023","status":"publish","type":"post","link":"https:\/\/agora.xtec.cat\/ceipvistaalegre\/coneix-la-nostra-escola\/portes-obertes-2023\/","title":{"rendered":"PORTES OBERTES 2023"},"content":{"rendered":"<h3 style=\"text-align: center;\">Si esteu interessats i interessades en con\u00e8ixer la nostra escola, el nostre projecte, qu\u00e8 fem, com ho fem i tot all\u00f2 que us podem oferir, cliqueu l&#8217;enlla\u00e7 i us obrirem les portes!<\/h3>\n<p>&nbsp;<\/p>\n<p><a href=\"https:\/\/agora.xtec.cat\/ceipvistaalegre\/wp-content\/uploads\/usu1936\/2021\/03\/Imatge-PORTES-OBERTES.jpg\"><img loading=\"lazy\" decoding=\"async\" class=\"alignnone size-large wp-image-6578\" src=\"https:\/\/agora.xtec.cat\/ceipvistaalegre\/wp-content\/uploads\/usu1936\/2021\/03\/Imatge-PORTES-OBERTES-1024x576.jpg\" alt=\"\" width=\"1024\" height=\"576\" srcset=\"https:\/\/agora.xtec.cat\/ceipvistaalegre\/wp-content\/uploads\/usu1936\/2021\/03\/Imatge-PORTES-OBERTES-1024x576.jpg 1024w, https:\/\/agora.xtec.cat\/ceipvistaalegre\/wp-content\/uploads\/usu1936\/2021\/03\/Imatge-PORTES-OBERTES-300x169.jpg 300w, https:\/\/agora.xtec.cat\/ceipvistaalegre\/wp-content\/uploads\/usu1936\/2021\/03\/Imatge-PORTES-OBERTES-768x432.jpg 768w, https:\/\/agora.xtec.cat\/ceipvistaalegre\/wp-content\/uploads\/usu1936\/2021\/03\/Imatge-PORTES-OBERTES-1536x864.jpg 1536w, https:\/\/agora.xtec.cat\/ceipvistaalegre\/wp-content\/uploads\/usu1936\/2021\/03\/Imatge-PORTES-OBERTES.jpg 1920w\" sizes=\"auto, (max-width: 1024px) 100vw, 1024px\" \/><\/a><\/p>\n<h3 style=\"text-align: center;\">PORTES OBERTES 2023<\/h3>\n","protected":false},"excerpt":{"rendered":"<p>Si esteu interessats i interessades en con\u00e8ixer la nostra escola, el nostre projecte, qu\u00e8 fem, com ho fem i tot all\u00f2 que us podem oferir, cliqueu l&#8217;enlla\u00e7 i us obrirem les portes!<br \/>\n&nbsp;<br \/>\n<a href=\"https:\/\/agora.xtec.cat\/ceipvistaalegre\/wp-content\/uploads\/usu1936\/2021\/03\/Imatge-PORTES-OBERTES.jpg\"><\/a><br \/>\nPORTES OBERTES 2023<\/p>\n","protected":false},"author":3,"featured_media":0,"comment_status":"open","ping_status":"closed","sticky":true,"template":"","format":"standard","meta":{"_bbp_topic_count":0,"_bbp_reply_count":0,"_bbp_total_topic_count":0,"_bbp_total_reply_count":0,"_bbp_voice_count":0,"_bbp_anonymous_reply_count":0,"_bbp_topic_count_hidden":0,"_bbp_reply_count_hidden":0,"_bbp_forum_subforum_count":0,"footnotes":""},"categories":[196],"tags":[],"class_list":["post-8467","post","type-post","status-publish","format-standard","hentry","category-coneix-la-nostra-escola"],"post_mailing_queue_ids":[],"_links":{"self":[{"href":"https:\/\/agora.xtec.cat\/ceipvistaalegre\/wp-json\/wp\/v2\/posts\/8467","targetHints":{"allow":["GET"]}}],"collection":[{"href":"https:\/\/agora.xtec.cat\/ceipvistaalegre\/wp-json\/wp\/v2\/posts"}],"about":[{"href":"https:\/\/agora.xtec.cat\/ceipvistaalegre\/wp-json\/wp\/v2\/types\/post"}],"author":[{"embeddable":true,"href":"https:\/\/agora.xtec.cat\/ceipvistaalegre\/wp-json\/wp\/v2\/users\/3"}],"replies":[{"embeddable":true,"href":"https:\/\/agora.xtec.cat\/ceipvistaalegre\/wp-json\/wp\/v2\/comments?post=8467"}],"version-history":[{"count":1,"href":"https:\/\/agora.xtec.cat\/ceipvistaalegre\/wp-json\/wp\/v2\/posts\/8467\/revisions"}],"predecessor-version":[{"id":8468,"href":"https:\/\/agora.xtec.cat\/ceipvistaalegre\/wp-json\/wp\/v2\/posts\/8467\/revisions\/8468"}],"wp:attachment":[{"href":"https:\/\/agora.xtec.cat\/ceipvistaalegre\/wp-json\/wp\/v2\/media?parent=8467"}],"wp:term":[{"taxonomy":"category","embeddable":true,"href":"https:\/\/agora.xtec.cat\/ceipvistaalegre\/wp-json\/wp\/v2\/categories?post=8467"},{"taxonomy":"post_tag","embeddable":true,"href":"https:\/\/agora.xtec.cat\/ceipvistaalegre\/wp-json\/wp\/v2\/tags?post=8467"}],"curies":[{"name":"wp","href":"https:\/\/api.w.org\/{rel}","templated":true}]}}