{"id":8451,"date":"2023-02-20T08:45:19","date_gmt":"2023-02-20T07:45:19","guid":{"rendered":"https:\/\/agora.xtec.cat\/ceipvistaalegre\/?p=8451"},"modified":"2023-02-20T08:45:19","modified_gmt":"2023-02-20T07:45:19","slug":"carnaval-2023-2","status":"publish","type":"post","link":"https:\/\/agora.xtec.cat\/ceipvistaalegre\/portada\/carnaval-2023-2\/","title":{"rendered":"CARNAVAL 2023"},"content":{"rendered":"<p>El passat divendres 17 de febrer, vam viure una de les festes m\u00e9s divertides i boges: <strong>EL CARNAVAL!<\/strong><\/p>\n<p>Despr\u00e9s d&#8217;una setmana complint les consignes del Rei Carnestoltes, divendres va arribar el gran dia!<\/p>\n<p>Al mat\u00ed, arribada del Rei Carnestoltes amb els seus missatgers. Aquest any venia del M\u00f3n dels Animals \ud83d\udc2f\ud83d\udc2e\ud83d\udc2d\ud83d\udc23\ud83d\udc3c\ud83d\udc1e\ud83d\udc1f \u00c9s per aix\u00f2 que el vam rebre amb corones, m\u00e0scares i antifa\u00e7os d&#8217;animals. Despr\u00e9s del seu discurs, es van llegir les peticions boges (a veure si fa cas&#8230;), fotos al photocall i balls. Podeu veure les fotos de la jornada <a href=\"https:\/\/drive.google.com\/drive\/folders\/1V2_MXCX5B8gAqL4tTK-uRh3bTTsa_zFP?usp=sharing\">AQU\u00cd.<\/a><\/p>\n<p><a href=\"https:\/\/agora.xtec.cat\/ceipvistaalegre\/wp-content\/uploads\/usu1936\/2023\/02\/arribada-carnestoltes-scaled.jpg\"><img loading=\"lazy\" decoding=\"async\" class=\" wp-image-8452 aligncenter\" src=\"https:\/\/agora.xtec.cat\/ceipvistaalegre\/wp-content\/uploads\/usu1936\/2023\/02\/arribada-carnestoltes-768x1024.jpg\" alt=\"\" width=\"416\" height=\"554\" srcset=\"https:\/\/agora.xtec.cat\/ceipvistaalegre\/wp-content\/uploads\/usu1936\/2023\/02\/arribada-carnestoltes-768x1024.jpg 768w, https:\/\/agora.xtec.cat\/ceipvistaalegre\/wp-content\/uploads\/usu1936\/2023\/02\/arribada-carnestoltes-225x300.jpg 225w, https:\/\/agora.xtec.cat\/ceipvistaalegre\/wp-content\/uploads\/usu1936\/2023\/02\/arribada-carnestoltes-1152x1536.jpg 1152w, https:\/\/agora.xtec.cat\/ceipvistaalegre\/wp-content\/uploads\/usu1936\/2023\/02\/arribada-carnestoltes-1536x2048.jpg 1536w, https:\/\/agora.xtec.cat\/ceipvistaalegre\/wp-content\/uploads\/usu1936\/2023\/02\/arribada-carnestoltes-scaled.jpg 1920w\" sizes=\"auto, (max-width: 416px) 100vw, 416px\" \/><\/a><\/p>\n<p>I a la tarda&#8230; BALL DE DISFRESSES! \ud83d\udd75\ud83c\udccf\ud83d\udd77\ud83d\udc78<\/p>\n<p>L&#8217;\u00faltima consigna del Rei Carnestoltes era que tothom havia de venir disfressat de casa! I aix\u00ed ho vam fer! Superheroines, bombers, pirates, cavallers, princeses, papallones, personatges de s\u00e8ries i dibuixos&#8230; Vam convidar a les fam\u00edlies perqu\u00e8 poguessin participar de la gran festa, de la m\u00fasica i dels balls. En acabar, berenar de galetes amb xocolata per a tothom!<\/p>\n<p>Si voleu veure les fotos, podeu clicar <a href=\"https:\/\/drive.google.com\/drive\/folders\/1V2uWTlq4Pn4jFKIQDIWwPuNu6r-PP0hq?usp=sharing\">AQU\u00cd<\/a>!<\/p>\n<p><a href=\"https:\/\/agora.xtec.cat\/ceipvistaalegre\/wp-content\/uploads\/usu1936\/2023\/02\/disfresses-scaled.jpg\"><img loading=\"lazy\" decoding=\"async\" class=\"wp-image-8453 aligncenter\" src=\"https:\/\/agora.xtec.cat\/ceipvistaalegre\/wp-content\/uploads\/usu1936\/2023\/02\/disfresses-1024x768.jpg\" alt=\"\" width=\"524\" height=\"393\" srcset=\"https:\/\/agora.xtec.cat\/ceipvistaalegre\/wp-content\/uploads\/usu1936\/2023\/02\/disfresses-1024x768.jpg 1024w, https:\/\/agora.xtec.cat\/ceipvistaalegre\/wp-content\/uploads\/usu1936\/2023\/02\/disfresses-300x225.jpg 300w, https:\/\/agora.xtec.cat\/ceipvistaalegre\/wp-content\/uploads\/usu1936\/2023\/02\/disfresses-768x576.jpg 768w, https:\/\/agora.xtec.cat\/ceipvistaalegre\/wp-content\/uploads\/usu1936\/2023\/02\/disfresses-1536x1152.jpg 1536w, https:\/\/agora.xtec.cat\/ceipvistaalegre\/wp-content\/uploads\/usu1936\/2023\/02\/disfresses-2048x1536.jpg 2048w, https:\/\/agora.xtec.cat\/ceipvistaalegre\/wp-content\/uploads\/usu1936\/2023\/02\/disfresses-200x150.jpg 200w\" sizes=\"auto, (max-width: 524px) 100vw, 524px\" \/><\/a><\/p>\n","protected":false},"excerpt":{"rendered":"<p>El passat divendres 17 de febrer, vam viure una de les festes m\u00e9s divertides i boges: EL CARNAVAL!<br \/>\nDespr\u00e9s d&#8217;una setmana complint les consignes del Rei Carnestoltes, divendres va arribar el gran dia!<br \/>\nAl mat\u00ed, arribada del Rei Carnestoltes amb els seus missatgers. Aquest any venia del&hellip;  <a href=\"https:\/\/agora.xtec.cat\/ceipvistaalegre\/portada\/carnaval-2023-2\/\" title=\"Read CARNAVAL 2023\">Llegeix m\u00e9s\u00bb<\/a><\/p>\n","protected":false},"author":3,"featured_media":0,"comment_status":"open","ping_status":"closed","sticky":false,"template":"","format":"standard","meta":{"_bbp_topic_count":0,"_bbp_reply_count":0,"_bbp_total_topic_count":0,"_bbp_total_reply_count":0,"_bbp_voice_count":0,"_bbp_anonymous_reply_count":0,"_bbp_topic_count_hidden":0,"_bbp_reply_count_hidden":0,"_bbp_forum_subforum_count":0,"footnotes":""},"categories":[4],"tags":[],"class_list":["post-8451","post","type-post","status-publish","format-standard","hentry","category-portada"],"post_mailing_queue_ids":[],"_links":{"self":[{"href":"https:\/\/agora.xtec.cat\/ceipvistaalegre\/wp-json\/wp\/v2\/posts\/8451","targetHints":{"allow":["GET"]}}],"collection":[{"href":"https:\/\/agora.xtec.cat\/ceipvistaalegre\/wp-json\/wp\/v2\/posts"}],"about":[{"href":"https:\/\/agora.xtec.cat\/ceipvistaalegre\/wp-json\/wp\/v2\/types\/post"}],"author":[{"embeddable":true,"href":"https:\/\/agora.xtec.cat\/ceipvistaalegre\/wp-json\/wp\/v2\/users\/3"}],"replies":[{"embeddable":true,"href":"https:\/\/agora.xtec.cat\/ceipvistaalegre\/wp-json\/wp\/v2\/comments?post=8451"}],"version-history":[{"count":1,"href":"https:\/\/agora.xtec.cat\/ceipvistaalegre\/wp-json\/wp\/v2\/posts\/8451\/revisions"}],"predecessor-version":[{"id":8454,"href":"https:\/\/agora.xtec.cat\/ceipvistaalegre\/wp-json\/wp\/v2\/posts\/8451\/revisions\/8454"}],"wp:attachment":[{"href":"https:\/\/agora.xtec.cat\/ceipvistaalegre\/wp-json\/wp\/v2\/media?parent=8451"}],"wp:term":[{"taxonomy":"category","embeddable":true,"href":"https:\/\/agora.xtec.cat\/ceipvistaalegre\/wp-json\/wp\/v2\/categories?post=8451"},{"taxonomy":"post_tag","embeddable":true,"href":"https:\/\/agora.xtec.cat\/ceipvistaalegre\/wp-json\/wp\/v2\/tags?post=8451"}],"curies":[{"name":"wp","href":"https:\/\/api.w.org\/{rel}","templated":true}]}}