{"id":8395,"date":"2023-02-12T20:37:41","date_gmt":"2023-02-12T19:37:41","guid":{"rendered":"https:\/\/agora.xtec.cat\/ceipvistaalegre\/?p=8395"},"modified":"2023-02-27T07:44:45","modified_gmt":"2023-02-27T06:44:45","slug":"projecte-espai","status":"publish","type":"post","link":"https:\/\/agora.xtec.cat\/ceipvistaalegre\/primaria\/2n\/projecte-espai\/","title":{"rendered":"PROJECTE ESPAI"},"content":{"rendered":"<p>Al llarg dels mesos de gener i febrer hem anat presentant a classe els nostres <span style=\"color: #0000ff\"><strong>projectes sobre l&#8217;Espai.<\/strong><\/span> Ens hem esfor\u00e7at molt\u00edssim i el resultat es que tots hem apr\u00e8s del treball fet, i del compartit. A la classe guardem els murals, les maquetes, les presentacions i un munt de material! Si voleu veure una petita mostra fotogr\u00e0fica de com va anar cliqueu a:<\/p>\n<p><span style=\"color: #000000\"><strong><a style=\"color: #000000\" href=\"https:\/\/youtube.com\/shorts\/apnWPrnTrcU?feature=share\">DESCOBRINT L&#8217;ESPAI\u00a0<\/a><\/strong><\/span><\/p>\n<p>&nbsp;<\/p>\n","protected":false},"excerpt":{"rendered":"<p>Al llarg dels mesos de gener i febrer hem anat presentant a classe els nostres projectes sobre l&#8217;Espai. Ens hem esfor\u00e7at molt\u00edssim i el resultat es que tots hem apr\u00e8s del treball fet, i del compartit. A la classe guardem els murals, les maquetes, les&hellip;  <a href=\"https:\/\/agora.xtec.cat\/ceipvistaalegre\/primaria\/2n\/projecte-espai\/\" title=\"Read PROJECTE ESPAI\">Llegeix m\u00e9s\u00bb<\/a><\/p>\n","protected":false},"author":9,"featured_media":0,"comment_status":"open","ping_status":"closed","sticky":false,"template":"","format":"standard","meta":{"_bbp_topic_count":0,"_bbp_reply_count":0,"_bbp_total_topic_count":0,"_bbp_total_reply_count":0,"_bbp_voice_count":0,"_bbp_anonymous_reply_count":0,"_bbp_topic_count_hidden":0,"_bbp_reply_count_hidden":0,"_bbp_forum_subforum_count":0,"footnotes":""},"categories":[11],"tags":[],"class_list":["post-8395","post","type-post","status-publish","format-standard","hentry","category-2n"],"post_mailing_queue_ids":[],"_links":{"self":[{"href":"https:\/\/agora.xtec.cat\/ceipvistaalegre\/wp-json\/wp\/v2\/posts\/8395","targetHints":{"allow":["GET"]}}],"collection":[{"href":"https:\/\/agora.xtec.cat\/ceipvistaalegre\/wp-json\/wp\/v2\/posts"}],"about":[{"href":"https:\/\/agora.xtec.cat\/ceipvistaalegre\/wp-json\/wp\/v2\/types\/post"}],"author":[{"embeddable":true,"href":"https:\/\/agora.xtec.cat\/ceipvistaalegre\/wp-json\/wp\/v2\/users\/9"}],"replies":[{"embeddable":true,"href":"https:\/\/agora.xtec.cat\/ceipvistaalegre\/wp-json\/wp\/v2\/comments?post=8395"}],"version-history":[{"count":3,"href":"https:\/\/agora.xtec.cat\/ceipvistaalegre\/wp-json\/wp\/v2\/posts\/8395\/revisions"}],"predecessor-version":[{"id":8460,"href":"https:\/\/agora.xtec.cat\/ceipvistaalegre\/wp-json\/wp\/v2\/posts\/8395\/revisions\/8460"}],"wp:attachment":[{"href":"https:\/\/agora.xtec.cat\/ceipvistaalegre\/wp-json\/wp\/v2\/media?parent=8395"}],"wp:term":[{"taxonomy":"category","embeddable":true,"href":"https:\/\/agora.xtec.cat\/ceipvistaalegre\/wp-json\/wp\/v2\/categories?post=8395"},{"taxonomy":"post_tag","embeddable":true,"href":"https:\/\/agora.xtec.cat\/ceipvistaalegre\/wp-json\/wp\/v2\/tags?post=8395"}],"curies":[{"name":"wp","href":"https:\/\/api.w.org\/{rel}","templated":true}]}}