{"id":8390,"date":"2023-02-10T19:38:39","date_gmt":"2023-02-10T18:38:39","guid":{"rendered":"https:\/\/agora.xtec.cat\/ceipvistaalegre\/?p=8390"},"modified":"2023-02-10T19:38:39","modified_gmt":"2023-02-10T18:38:39","slug":"autorretrat-salvador-dali","status":"publish","type":"post","link":"https:\/\/agora.xtec.cat\/ceipvistaalegre\/primaria\/6e\/autorretrat-salvador-dali\/","title":{"rendered":"Autorretrat Salvador Dal\u00ed"},"content":{"rendered":"<p>Des de l&#8217;\u00e0rea d&#8217;educaci\u00f3 art\u00edstica, s&#8217;est\u00e0 treballant el pintor Salvador Dal\u00ed. Una de les seves obres \u00e9s l&#8217;autorretrat, \u00e9s per aix\u00f2 que els alumnes de sis\u00e8 tamb\u00e9 han fet el seu autorretrat.<\/p>\n<p>Aquesta obra representa un dels models del per\u00edode cubista de Dal\u00ed.<\/p>\n<p><img loading=\"lazy\" decoding=\"async\" class=\"alignnone  wp-image-8391\" src=\"https:\/\/agora.xtec.cat\/ceipvistaalegre\/wp-content\/uploads\/usu1936\/2023\/02\/WhatsApp-Image-2023-02-02-at-20.07.47-1024x768.jpeg\" alt=\"\" width=\"323\" height=\"242\" srcset=\"https:\/\/agora.xtec.cat\/ceipvistaalegre\/wp-content\/uploads\/usu1936\/2023\/02\/WhatsApp-Image-2023-02-02-at-20.07.47-1024x768.jpeg 1024w, https:\/\/agora.xtec.cat\/ceipvistaalegre\/wp-content\/uploads\/usu1936\/2023\/02\/WhatsApp-Image-2023-02-02-at-20.07.47-300x225.jpeg 300w, https:\/\/agora.xtec.cat\/ceipvistaalegre\/wp-content\/uploads\/usu1936\/2023\/02\/WhatsApp-Image-2023-02-02-at-20.07.47-768x576.jpeg 768w, https:\/\/agora.xtec.cat\/ceipvistaalegre\/wp-content\/uploads\/usu1936\/2023\/02\/WhatsApp-Image-2023-02-02-at-20.07.47-1536x1152.jpeg 1536w, https:\/\/agora.xtec.cat\/ceipvistaalegre\/wp-content\/uploads\/usu1936\/2023\/02\/WhatsApp-Image-2023-02-02-at-20.07.47-200x150.jpeg 200w, https:\/\/agora.xtec.cat\/ceipvistaalegre\/wp-content\/uploads\/usu1936\/2023\/02\/WhatsApp-Image-2023-02-02-at-20.07.47.jpeg 2048w\" sizes=\"auto, (max-width: 323px) 100vw, 323px\" \/> <img loading=\"lazy\" decoding=\"async\" class=\"alignnone  wp-image-8392\" src=\"https:\/\/agora.xtec.cat\/ceipvistaalegre\/wp-content\/uploads\/usu1936\/2023\/02\/WhatsApp-Image-2023-02-02-at-20.08.05-1024x768.jpeg\" alt=\"\" width=\"323\" height=\"243\" srcset=\"https:\/\/agora.xtec.cat\/ceipvistaalegre\/wp-content\/uploads\/usu1936\/2023\/02\/WhatsApp-Image-2023-02-02-at-20.08.05-1024x768.jpeg 1024w, https:\/\/agora.xtec.cat\/ceipvistaalegre\/wp-content\/uploads\/usu1936\/2023\/02\/WhatsApp-Image-2023-02-02-at-20.08.05-300x225.jpeg 300w, https:\/\/agora.xtec.cat\/ceipvistaalegre\/wp-content\/uploads\/usu1936\/2023\/02\/WhatsApp-Image-2023-02-02-at-20.08.05-768x576.jpeg 768w, https:\/\/agora.xtec.cat\/ceipvistaalegre\/wp-content\/uploads\/usu1936\/2023\/02\/WhatsApp-Image-2023-02-02-at-20.08.05-1536x1152.jpeg 1536w, https:\/\/agora.xtec.cat\/ceipvistaalegre\/wp-content\/uploads\/usu1936\/2023\/02\/WhatsApp-Image-2023-02-02-at-20.08.05-200x150.jpeg 200w, https:\/\/agora.xtec.cat\/ceipvistaalegre\/wp-content\/uploads\/usu1936\/2023\/02\/WhatsApp-Image-2023-02-02-at-20.08.05.jpeg 2048w\" sizes=\"auto, (max-width: 323px) 100vw, 323px\" \/> <img loading=\"lazy\" decoding=\"async\" class=\"alignnone  wp-image-8393\" src=\"https:\/\/agora.xtec.cat\/ceipvistaalegre\/wp-content\/uploads\/usu1936\/2023\/02\/WhatsApp-Image-2023-02-02-at-20.08.26-1024x768.jpeg\" alt=\"\" width=\"322\" height=\"242\" srcset=\"https:\/\/agora.xtec.cat\/ceipvistaalegre\/wp-content\/uploads\/usu1936\/2023\/02\/WhatsApp-Image-2023-02-02-at-20.08.26-1024x768.jpeg 1024w, https:\/\/agora.xtec.cat\/ceipvistaalegre\/wp-content\/uploads\/usu1936\/2023\/02\/WhatsApp-Image-2023-02-02-at-20.08.26-300x225.jpeg 300w, https:\/\/agora.xtec.cat\/ceipvistaalegre\/wp-content\/uploads\/usu1936\/2023\/02\/WhatsApp-Image-2023-02-02-at-20.08.26-768x576.jpeg 768w, https:\/\/agora.xtec.cat\/ceipvistaalegre\/wp-content\/uploads\/usu1936\/2023\/02\/WhatsApp-Image-2023-02-02-at-20.08.26-1536x1152.jpeg 1536w, https:\/\/agora.xtec.cat\/ceipvistaalegre\/wp-content\/uploads\/usu1936\/2023\/02\/WhatsApp-Image-2023-02-02-at-20.08.26-200x150.jpeg 200w, https:\/\/agora.xtec.cat\/ceipvistaalegre\/wp-content\/uploads\/usu1936\/2023\/02\/WhatsApp-Image-2023-02-02-at-20.08.26.jpeg 2048w\" sizes=\"auto, (max-width: 322px) 100vw, 322px\" \/><\/p>\n","protected":false},"excerpt":{"rendered":"<p>Des de l&#8217;\u00e0rea d&#8217;educaci\u00f3 art\u00edstica, s&#8217;est\u00e0 treballant el pintor Salvador Dal\u00ed. Una de les seves obres \u00e9s l&#8217;autorretrat, \u00e9s per aix\u00f2 que els alumnes de sis\u00e8 tamb\u00e9 han fet el seu autorretrat.<br \/>\nAquesta obra representa un dels models del per\u00edode cubista de Dal\u00ed.<\/p>\n","protected":false},"author":18,"featured_media":0,"comment_status":"open","ping_status":"closed","sticky":false,"template":"","format":"standard","meta":{"_bbp_topic_count":0,"_bbp_reply_count":0,"_bbp_total_topic_count":0,"_bbp_total_reply_count":0,"_bbp_voice_count":0,"_bbp_anonymous_reply_count":0,"_bbp_topic_count_hidden":0,"_bbp_reply_count_hidden":0,"_bbp_forum_subforum_count":0,"footnotes":""},"categories":[15],"tags":[],"class_list":["post-8390","post","type-post","status-publish","format-standard","hentry","category-6e"],"post_mailing_queue_ids":[],"_links":{"self":[{"href":"https:\/\/agora.xtec.cat\/ceipvistaalegre\/wp-json\/wp\/v2\/posts\/8390","targetHints":{"allow":["GET"]}}],"collection":[{"href":"https:\/\/agora.xtec.cat\/ceipvistaalegre\/wp-json\/wp\/v2\/posts"}],"about":[{"href":"https:\/\/agora.xtec.cat\/ceipvistaalegre\/wp-json\/wp\/v2\/types\/post"}],"author":[{"embeddable":true,"href":"https:\/\/agora.xtec.cat\/ceipvistaalegre\/wp-json\/wp\/v2\/users\/18"}],"replies":[{"embeddable":true,"href":"https:\/\/agora.xtec.cat\/ceipvistaalegre\/wp-json\/wp\/v2\/comments?post=8390"}],"version-history":[{"count":1,"href":"https:\/\/agora.xtec.cat\/ceipvistaalegre\/wp-json\/wp\/v2\/posts\/8390\/revisions"}],"predecessor-version":[{"id":8394,"href":"https:\/\/agora.xtec.cat\/ceipvistaalegre\/wp-json\/wp\/v2\/posts\/8390\/revisions\/8394"}],"wp:attachment":[{"href":"https:\/\/agora.xtec.cat\/ceipvistaalegre\/wp-json\/wp\/v2\/media?parent=8390"}],"wp:term":[{"taxonomy":"category","embeddable":true,"href":"https:\/\/agora.xtec.cat\/ceipvistaalegre\/wp-json\/wp\/v2\/categories?post=8390"},{"taxonomy":"post_tag","embeddable":true,"href":"https:\/\/agora.xtec.cat\/ceipvistaalegre\/wp-json\/wp\/v2\/tags?post=8390"}],"curies":[{"name":"wp","href":"https:\/\/api.w.org\/{rel}","templated":true}]}}