{"id":8378,"date":"2023-02-08T23:21:46","date_gmt":"2023-02-08T22:21:46","guid":{"rendered":"https:\/\/agora.xtec.cat\/ceipvistaalegre\/?p=8378"},"modified":"2023-02-08T23:22:42","modified_gmt":"2023-02-08T22:22:42","slug":"treballem-la-noticia","status":"publish","type":"post","link":"https:\/\/agora.xtec.cat\/ceipvistaalegre\/primaria\/4t\/treballem-la-noticia\/","title":{"rendered":"Treballem la not\u00edcia"},"content":{"rendered":"<p>Aquests dies hem estat treballant la tipologia textual de la not\u00edcia a classe. Hem buscat una not\u00edcia actual i, despr\u00e9s d\u2019analitzar-ne les parts que la formen, per parelles els nens i les nenes de 4t han buscat el significat de les paraules que no coneixien i s\u2019han preparat la not\u00edcia per explicar-la davant dels companys i companyes. Ens hem convertit en presentadors d\u2019un telenot\u00edcies per una tarda!<\/p>\n<p style=\"text-align: center\"><a href=\"https:\/\/agora.xtec.cat\/ceipvistaalegre\/wp-content\/uploads\/usu1936\/2023\/02\/CBD5481A-26F7-4E5B-8DE9-B0E52FB59691.jpeg\"><img loading=\"lazy\" decoding=\"async\" class=\"aligncenter size-full wp-image-8379\" src=\"https:\/\/agora.xtec.cat\/ceipvistaalegre\/wp-content\/uploads\/usu1936\/2023\/02\/CBD5481A-26F7-4E5B-8DE9-B0E52FB59691.jpeg\" alt=\"\" width=\"512\" height=\"640\" srcset=\"https:\/\/agora.xtec.cat\/ceipvistaalegre\/wp-content\/uploads\/usu1936\/2023\/02\/CBD5481A-26F7-4E5B-8DE9-B0E52FB59691.jpeg 512w, https:\/\/agora.xtec.cat\/ceipvistaalegre\/wp-content\/uploads\/usu1936\/2023\/02\/CBD5481A-26F7-4E5B-8DE9-B0E52FB59691-240x300.jpeg 240w\" sizes=\"auto, (max-width: 512px) 100vw, 512px\" \/><\/a><\/p>\n","protected":false},"excerpt":{"rendered":"<p>Aquests dies hem estat treballant la tipologia textual de la not\u00edcia a classe. Hem buscat una not\u00edcia actual i, despr\u00e9s d\u2019analitzar-ne les parts que la formen, per parelles els nens i les nenes de 4t han buscat el significat de les paraules que no coneixien&hellip;  <a href=\"https:\/\/agora.xtec.cat\/ceipvistaalegre\/primaria\/4t\/treballem-la-noticia\/\" title=\"Read Treballem la not\u00edcia\">Llegeix m\u00e9s\u00bb<\/a><\/p>\n","protected":false},"author":22,"featured_media":0,"comment_status":"open","ping_status":"closed","sticky":false,"template":"","format":"standard","meta":{"_bbp_topic_count":0,"_bbp_reply_count":0,"_bbp_total_topic_count":0,"_bbp_total_reply_count":0,"_bbp_voice_count":0,"_bbp_anonymous_reply_count":0,"_bbp_topic_count_hidden":0,"_bbp_reply_count_hidden":0,"_bbp_forum_subforum_count":0,"footnotes":""},"categories":[13],"tags":[],"class_list":["post-8378","post","type-post","status-publish","format-standard","hentry","category-4t"],"post_mailing_queue_ids":[],"_links":{"self":[{"href":"https:\/\/agora.xtec.cat\/ceipvistaalegre\/wp-json\/wp\/v2\/posts\/8378","targetHints":{"allow":["GET"]}}],"collection":[{"href":"https:\/\/agora.xtec.cat\/ceipvistaalegre\/wp-json\/wp\/v2\/posts"}],"about":[{"href":"https:\/\/agora.xtec.cat\/ceipvistaalegre\/wp-json\/wp\/v2\/types\/post"}],"author":[{"embeddable":true,"href":"https:\/\/agora.xtec.cat\/ceipvistaalegre\/wp-json\/wp\/v2\/users\/22"}],"replies":[{"embeddable":true,"href":"https:\/\/agora.xtec.cat\/ceipvistaalegre\/wp-json\/wp\/v2\/comments?post=8378"}],"version-history":[{"count":1,"href":"https:\/\/agora.xtec.cat\/ceipvistaalegre\/wp-json\/wp\/v2\/posts\/8378\/revisions"}],"predecessor-version":[{"id":8380,"href":"https:\/\/agora.xtec.cat\/ceipvistaalegre\/wp-json\/wp\/v2\/posts\/8378\/revisions\/8380"}],"wp:attachment":[{"href":"https:\/\/agora.xtec.cat\/ceipvistaalegre\/wp-json\/wp\/v2\/media?parent=8378"}],"wp:term":[{"taxonomy":"category","embeddable":true,"href":"https:\/\/agora.xtec.cat\/ceipvistaalegre\/wp-json\/wp\/v2\/categories?post=8378"},{"taxonomy":"post_tag","embeddable":true,"href":"https:\/\/agora.xtec.cat\/ceipvistaalegre\/wp-json\/wp\/v2\/tags?post=8378"}],"curies":[{"name":"wp","href":"https:\/\/api.w.org\/{rel}","templated":true}]}}