{"id":8339,"date":"2023-02-07T20:47:43","date_gmt":"2023-02-07T19:47:43","guid":{"rendered":"https:\/\/agora.xtec.cat\/ceipvistaalegre\/?p=8339"},"modified":"2023-02-14T21:24:37","modified_gmt":"2023-02-14T20:24:37","slug":"visitem-el-museu-blau","status":"publish","type":"post","link":"https:\/\/agora.xtec.cat\/ceipvistaalegre\/infantil\/visitem-el-museu-blau\/","title":{"rendered":"Visitem el Museu Blau."},"content":{"rendered":"<p><a href=\"https:\/\/agora.xtec.cat\/ceipvistaalegre\/infantil\/visitem-el-museu-blau\/attachment\/museu-blau\/\" rel=\"attachment wp-att-8373\"><img loading=\"lazy\" decoding=\"async\" class=\"aligncenter size-full wp-image-8373\" src=\"https:\/\/agora.xtec.cat\/ceipvistaalegre\/wp-content\/uploads\/usu1936\/2023\/02\/MUSEU-BLAU.png\" alt=\"\" width=\"2000\" height=\"1600\" srcset=\"https:\/\/agora.xtec.cat\/ceipvistaalegre\/wp-content\/uploads\/usu1936\/2023\/02\/MUSEU-BLAU.png 2000w, https:\/\/agora.xtec.cat\/ceipvistaalegre\/wp-content\/uploads\/usu1936\/2023\/02\/MUSEU-BLAU-300x240.png 300w, https:\/\/agora.xtec.cat\/ceipvistaalegre\/wp-content\/uploads\/usu1936\/2023\/02\/MUSEU-BLAU-1024x819.png 1024w, https:\/\/agora.xtec.cat\/ceipvistaalegre\/wp-content\/uploads\/usu1936\/2023\/02\/MUSEU-BLAU-768x614.png 768w, https:\/\/agora.xtec.cat\/ceipvistaalegre\/wp-content\/uploads\/usu1936\/2023\/02\/MUSEU-BLAU-1536x1229.png 1536w\" sizes=\"auto, (max-width: 2000px) 100vw, 2000px\" \/><\/a><\/p>\n<p>Les nenes i els nens de les classes de les Vaques, els\/les Policies i dels Gats i Gates hem anat al Museu Blau de Barcelona. Hem realitzat un taller sensorial de lliure circulaci\u00f3 on a trav\u00e9s de la vista, l&#8217;o\u00efda i el tacte hem conegut elements del m\u00f3n natural.<\/p>\n<p>Hem descobert com \u00e9s el p\u00e8l d&#8217;una guineu o d&#8217;un conill. Com tenen les banyes els c\u00e9rvols i les cabres. Com s\u00f3n les potes de les cabres i cabirols. Com \u00e9s un crani de c\u00e9rvol o de guineu. Hem observat diferents plomes d&#8217;ocells i aus cadascuna amb una llargada i dibuix ben diferent. Tamb\u00e9 hem trobat branques, troncs i fruits del bosc que hem olorat, observat, mirat i tocat.<\/p>\n<p>Despr\u00e9s hem recorregut el Museu de Ci\u00e8ncies Naturals fent un joc de pistes on hav\u00edem de trobar diferents animals.<\/p>\n<p>Finalment ens hem endinsat en el m\u00f3n dels contes i la ci\u00e8ncia.<\/p>\n<p>Ha estat un mat\u00ed molt divertit ple de noves descobertes que, de ben segur, ens aniran provocant preguntes que anirem resolent entre tots\/es.<\/p>\n<p>&nbsp;<\/p>\n<p>&nbsp;<\/p>\n<p>&nbsp;<\/p>\n<p>&nbsp;<\/p>\n","protected":false},"excerpt":{"rendered":"<p><a href=\"https:\/\/agora.xtec.cat\/ceipvistaalegre\/infantil\/visitem-el-museu-blau\/attachment\/museu-blau\/\" rel=\"attachment wp-att-8373\"><\/a><br \/>\nLes nenes i els nens de les classes de les Vaques, els\/les Policies i dels Gats i Gates hem anat al Museu Blau de Barcelona. Hem realitzat un taller sensorial de lliure circulaci\u00f3 on a trav\u00e9s de la vista, l&#8217;o\u00efda i el&hellip;  <a href=\"https:\/\/agora.xtec.cat\/ceipvistaalegre\/infantil\/visitem-el-museu-blau\/\" title=\"Read Visitem el Museu Blau.\">Llegeix m\u00e9s\u00bb<\/a><\/p>\n","protected":false},"author":4,"featured_media":0,"comment_status":"open","ping_status":"closed","sticky":false,"template":"","format":"standard","meta":{"_bbp_topic_count":0,"_bbp_reply_count":0,"_bbp_total_topic_count":0,"_bbp_total_reply_count":0,"_bbp_voice_count":0,"_bbp_anonymous_reply_count":0,"_bbp_topic_count_hidden":0,"_bbp_reply_count_hidden":0,"_bbp_forum_subforum_count":0,"footnotes":""},"categories":[3,8,225,2],"tags":[120,121,16,261],"class_list":["post-8339","post","type-post","status-publish","format-standard","hentry","category-infantil-3-anys","category-infantil-4-anys","category-infantil-5-anys","category-infantil","tag-ciencies-3-6","tag-descoberta-entorn","tag-sortides","tag-tallers-sensorials"],"post_mailing_queue_ids":[],"_links":{"self":[{"href":"https:\/\/agora.xtec.cat\/ceipvistaalegre\/wp-json\/wp\/v2\/posts\/8339","targetHints":{"allow":["GET"]}}],"collection":[{"href":"https:\/\/agora.xtec.cat\/ceipvistaalegre\/wp-json\/wp\/v2\/posts"}],"about":[{"href":"https:\/\/agora.xtec.cat\/ceipvistaalegre\/wp-json\/wp\/v2\/types\/post"}],"author":[{"embeddable":true,"href":"https:\/\/agora.xtec.cat\/ceipvistaalegre\/wp-json\/wp\/v2\/users\/4"}],"replies":[{"embeddable":true,"href":"https:\/\/agora.xtec.cat\/ceipvistaalegre\/wp-json\/wp\/v2\/comments?post=8339"}],"version-history":[{"count":3,"href":"https:\/\/agora.xtec.cat\/ceipvistaalegre\/wp-json\/wp\/v2\/posts\/8339\/revisions"}],"predecessor-version":[{"id":8409,"href":"https:\/\/agora.xtec.cat\/ceipvistaalegre\/wp-json\/wp\/v2\/posts\/8339\/revisions\/8409"}],"wp:attachment":[{"href":"https:\/\/agora.xtec.cat\/ceipvistaalegre\/wp-json\/wp\/v2\/media?parent=8339"}],"wp:term":[{"taxonomy":"category","embeddable":true,"href":"https:\/\/agora.xtec.cat\/ceipvistaalegre\/wp-json\/wp\/v2\/categories?post=8339"},{"taxonomy":"post_tag","embeddable":true,"href":"https:\/\/agora.xtec.cat\/ceipvistaalegre\/wp-json\/wp\/v2\/tags?post=8339"}],"curies":[{"name":"wp","href":"https:\/\/api.w.org\/{rel}","templated":true}]}}