{"id":8288,"date":"2023-02-01T12:05:35","date_gmt":"2023-02-01T11:05:35","guid":{"rendered":"https:\/\/agora.xtec.cat\/ceipvistaalegre\/?p=8288"},"modified":"2023-02-01T12:06:38","modified_gmt":"2023-02-01T11:06:38","slug":"trencadis-de-pau","status":"publish","type":"post","link":"https:\/\/agora.xtec.cat\/ceipvistaalegre\/primaria\/1r\/trencadis-de-pau\/","title":{"rendered":"Trencad\u00eds de PAU"},"content":{"rendered":"<p>Amb motiu de la celebraci\u00f3 del Dia Escolar de la No-viol\u00e8ncia i la Pau el passat 30 de gener, a l&#8217;escola hem fet diferents activitats.<\/p>\n<p>Els nens i nenes de 1r hem fet un colom amb la t\u00e8cnica del trencad\u00eds de colors. Han quedat molt macos!<\/p>\n<p><a href=\"https:\/\/agora.xtec.cat\/ceipvistaalegre\/wp-content\/uploads\/usu1936\/2023\/02\/pau-3-scaled.jpg\"><img loading=\"lazy\" decoding=\"async\" class=\" wp-image-8289 aligncenter\" src=\"https:\/\/agora.xtec.cat\/ceipvistaalegre\/wp-content\/uploads\/usu1936\/2023\/02\/pau-3-1024x771.jpg\" alt=\"\" width=\"262\" height=\"197\" srcset=\"https:\/\/agora.xtec.cat\/ceipvistaalegre\/wp-content\/uploads\/usu1936\/2023\/02\/pau-3-1024x771.jpg 1024w, https:\/\/agora.xtec.cat\/ceipvistaalegre\/wp-content\/uploads\/usu1936\/2023\/02\/pau-3-300x226.jpg 300w, https:\/\/agora.xtec.cat\/ceipvistaalegre\/wp-content\/uploads\/usu1936\/2023\/02\/pau-3-768x578.jpg 768w, https:\/\/agora.xtec.cat\/ceipvistaalegre\/wp-content\/uploads\/usu1936\/2023\/02\/pau-3-1536x1157.jpg 1536w, https:\/\/agora.xtec.cat\/ceipvistaalegre\/wp-content\/uploads\/usu1936\/2023\/02\/pau-3-2048x1542.jpg 2048w, https:\/\/agora.xtec.cat\/ceipvistaalegre\/wp-content\/uploads\/usu1936\/2023\/02\/pau-3-200x150.jpg 200w\" sizes=\"auto, (max-width: 262px) 100vw, 262px\" \/><\/a><\/p>\n<p><a href=\"https:\/\/agora.xtec.cat\/ceipvistaalegre\/wp-content\/uploads\/usu1936\/2023\/02\/pau2-scaled.jpg\"><img loading=\"lazy\" decoding=\"async\" class=\"wp-image-8290 aligncenter\" src=\"https:\/\/agora.xtec.cat\/ceipvistaalegre\/wp-content\/uploads\/usu1936\/2023\/02\/pau2-771x1024.jpg\" alt=\"\" width=\"176\" height=\"234\" srcset=\"https:\/\/agora.xtec.cat\/ceipvistaalegre\/wp-content\/uploads\/usu1936\/2023\/02\/pau2-771x1024.jpg 771w, https:\/\/agora.xtec.cat\/ceipvistaalegre\/wp-content\/uploads\/usu1936\/2023\/02\/pau2-226x300.jpg 226w, https:\/\/agora.xtec.cat\/ceipvistaalegre\/wp-content\/uploads\/usu1936\/2023\/02\/pau2-768x1020.jpg 768w, https:\/\/agora.xtec.cat\/ceipvistaalegre\/wp-content\/uploads\/usu1936\/2023\/02\/pau2-1157x1536.jpg 1157w, https:\/\/agora.xtec.cat\/ceipvistaalegre\/wp-content\/uploads\/usu1936\/2023\/02\/pau2-1542x2048.jpg 1542w, https:\/\/agora.xtec.cat\/ceipvistaalegre\/wp-content\/uploads\/usu1936\/2023\/02\/pau2-scaled.jpg 1928w\" sizes=\"auto, (max-width: 176px) 100vw, 176px\" \/><\/a><\/p>\n<p>Al darrera, vam posar aquest poema tan bonic:<\/p>\n<p style=\"text-align: center;\"><strong>ELS CANONS, DE NEU.<\/strong><\/p>\n<p style=\"text-align: center;\"><strong>LES PISTOLES, D&#8217;AIGUA.<\/strong><\/p>\n<p style=\"text-align: center;\"><strong>ELS SOLDADETS, DE PLOM.<\/strong><\/p>\n<p><a href=\"https:\/\/agora.xtec.cat\/ceipvistaalegre\/wp-content\/uploads\/usu1936\/2023\/02\/pau-1-scaled.jpg\"><img loading=\"lazy\" decoding=\"async\" class=\" wp-image-8291 aligncenter\" src=\"https:\/\/agora.xtec.cat\/ceipvistaalegre\/wp-content\/uploads\/usu1936\/2023\/02\/pau-1-771x1024.jpg\" alt=\"\" width=\"299\" height=\"397\" srcset=\"https:\/\/agora.xtec.cat\/ceipvistaalegre\/wp-content\/uploads\/usu1936\/2023\/02\/pau-1-771x1024.jpg 771w, https:\/\/agora.xtec.cat\/ceipvistaalegre\/wp-content\/uploads\/usu1936\/2023\/02\/pau-1-226x300.jpg 226w, https:\/\/agora.xtec.cat\/ceipvistaalegre\/wp-content\/uploads\/usu1936\/2023\/02\/pau-1-768x1020.jpg 768w, https:\/\/agora.xtec.cat\/ceipvistaalegre\/wp-content\/uploads\/usu1936\/2023\/02\/pau-1-1157x1536.jpg 1157w, https:\/\/agora.xtec.cat\/ceipvistaalegre\/wp-content\/uploads\/usu1936\/2023\/02\/pau-1-1542x2048.jpg 1542w, https:\/\/agora.xtec.cat\/ceipvistaalegre\/wp-content\/uploads\/usu1936\/2023\/02\/pau-1-scaled.jpg 1928w\" sizes=\"auto, (max-width: 299px) 100vw, 299px\" \/><\/a><\/p>\n","protected":false},"excerpt":{"rendered":"<p>Amb motiu de la celebraci\u00f3 del Dia Escolar de la No-viol\u00e8ncia i la Pau el passat 30 de gener, a l&#8217;escola hem fet diferents activitats.<br \/>\nEls nens i nenes de 1r hem fet un colom amb la t\u00e8cnica del trencad\u00eds de colors. Han quedat molt macos!<br \/>\n<a&hellip;  <a href=\"https:\/\/agora.xtec.cat\/ceipvistaalegre\/primaria\/1r\/trencadis-de-pau\/\" title=\"Read Trencad\u00eds de PAU\">Llegeix m\u00e9s\u00bb<\/a><\/p>\n","protected":false},"author":3,"featured_media":0,"comment_status":"open","ping_status":"closed","sticky":false,"template":"","format":"standard","meta":{"_bbp_topic_count":0,"_bbp_reply_count":0,"_bbp_total_topic_count":0,"_bbp_total_reply_count":0,"_bbp_voice_count":0,"_bbp_anonymous_reply_count":0,"_bbp_topic_count_hidden":0,"_bbp_reply_count_hidden":0,"_bbp_forum_subforum_count":0,"footnotes":""},"categories":[10],"tags":[],"class_list":["post-8288","post","type-post","status-publish","format-standard","hentry","category-1r"],"post_mailing_queue_ids":[],"_links":{"self":[{"href":"https:\/\/agora.xtec.cat\/ceipvistaalegre\/wp-json\/wp\/v2\/posts\/8288","targetHints":{"allow":["GET"]}}],"collection":[{"href":"https:\/\/agora.xtec.cat\/ceipvistaalegre\/wp-json\/wp\/v2\/posts"}],"about":[{"href":"https:\/\/agora.xtec.cat\/ceipvistaalegre\/wp-json\/wp\/v2\/types\/post"}],"author":[{"embeddable":true,"href":"https:\/\/agora.xtec.cat\/ceipvistaalegre\/wp-json\/wp\/v2\/users\/3"}],"replies":[{"embeddable":true,"href":"https:\/\/agora.xtec.cat\/ceipvistaalegre\/wp-json\/wp\/v2\/comments?post=8288"}],"version-history":[{"count":2,"href":"https:\/\/agora.xtec.cat\/ceipvistaalegre\/wp-json\/wp\/v2\/posts\/8288\/revisions"}],"predecessor-version":[{"id":8293,"href":"https:\/\/agora.xtec.cat\/ceipvistaalegre\/wp-json\/wp\/v2\/posts\/8288\/revisions\/8293"}],"wp:attachment":[{"href":"https:\/\/agora.xtec.cat\/ceipvistaalegre\/wp-json\/wp\/v2\/media?parent=8288"}],"wp:term":[{"taxonomy":"category","embeddable":true,"href":"https:\/\/agora.xtec.cat\/ceipvistaalegre\/wp-json\/wp\/v2\/categories?post=8288"},{"taxonomy":"post_tag","embeddable":true,"href":"https:\/\/agora.xtec.cat\/ceipvistaalegre\/wp-json\/wp\/v2\/tags?post=8288"}],"curies":[{"name":"wp","href":"https:\/\/api.w.org\/{rel}","templated":true}]}}