{"id":8251,"date":"2023-01-26T15:23:29","date_gmt":"2023-01-26T14:23:29","guid":{"rendered":"https:\/\/agora.xtec.cat\/ceipvistaalegre\/?p=8251"},"modified":"2023-01-26T15:25:12","modified_gmt":"2023-01-26T14:25:12","slug":"preinscripcio-23-24","status":"publish","type":"post","link":"https:\/\/agora.xtec.cat\/ceipvistaalegre\/portada\/preinscripcio-23-24\/","title":{"rendered":"Preinscripci\u00f3 23\/24"},"content":{"rendered":"<p><a href=\"https:\/\/agora.xtec.cat\/ceipvistaalegre\/wp-content\/uploads\/usu1936\/2023\/01\/Preinscripcio-23-34-1.jpg\"><img loading=\"lazy\" decoding=\"async\" class=\"size-large wp-image-8254 aligncenter\" src=\"https:\/\/agora.xtec.cat\/ceipvistaalegre\/wp-content\/uploads\/usu1936\/2023\/01\/Preinscripcio-23-34-1-1024x256.jpg\" alt=\"\" width=\"1024\" height=\"256\" srcset=\"https:\/\/agora.xtec.cat\/ceipvistaalegre\/wp-content\/uploads\/usu1936\/2023\/01\/Preinscripcio-23-34-1-1024x256.jpg 1024w, https:\/\/agora.xtec.cat\/ceipvistaalegre\/wp-content\/uploads\/usu1936\/2023\/01\/Preinscripcio-23-34-1-300x75.jpg 300w, https:\/\/agora.xtec.cat\/ceipvistaalegre\/wp-content\/uploads\/usu1936\/2023\/01\/Preinscripcio-23-34-1-768x192.jpg 768w, https:\/\/agora.xtec.cat\/ceipvistaalegre\/wp-content\/uploads\/usu1936\/2023\/01\/Preinscripcio-23-34-1-1536x384.jpg 1536w, https:\/\/agora.xtec.cat\/ceipvistaalegre\/wp-content\/uploads\/usu1936\/2023\/01\/Preinscripcio-23-34-1.jpg 1920w\" sizes=\"auto, (max-width: 1024px) 100vw, 1024px\" \/><\/a><\/p>\n<p>En aquesta p\u00e0gina web trobareu tota la informaci\u00f3 necess\u00e0ria, terminis, criteris de selecci\u00f3, guies&#8230; i tot all\u00f2 relacionat amb la preinscripci\u00f3 i matr\u00edcula per al proper curs: <a href=\"https:\/\/preinscripcio.gencat.cat\/ca\/inici\">https:\/\/preinscripcio.gencat.cat\/ca\/inici<\/a><\/p>\n","protected":false},"excerpt":{"rendered":"<p><a href=\"https:\/\/agora.xtec.cat\/ceipvistaalegre\/wp-content\/uploads\/usu1936\/2023\/01\/Preinscripcio-23-34-1.jpg\"><\/a><br \/>\nEn aquesta p\u00e0gina web trobareu tota la informaci\u00f3 necess\u00e0ria, terminis, criteris de selecci\u00f3, guies&#8230; i tot all\u00f2 relacionat amb la preinscripci\u00f3 i matr\u00edcula per al proper curs: <a href=\"https:\/\/preinscripcio.gencat.cat\/ca\/inici\">https:\/\/preinscripcio.gencat.cat\/ca\/inici<\/a><\/p>\n","protected":false},"author":3,"featured_media":0,"comment_status":"open","ping_status":"closed","sticky":false,"template":"","format":"standard","meta":{"_bbp_topic_count":0,"_bbp_reply_count":0,"_bbp_total_topic_count":0,"_bbp_total_reply_count":0,"_bbp_voice_count":0,"_bbp_anonymous_reply_count":0,"_bbp_topic_count_hidden":0,"_bbp_reply_count_hidden":0,"_bbp_forum_subforum_count":0,"footnotes":""},"categories":[4,179],"tags":[],"class_list":["post-8251","post","type-post","status-publish","format-standard","hentry","category-portada","category-preinscripcio-i-matricula-23-24"],"post_mailing_queue_ids":[],"_links":{"self":[{"href":"https:\/\/agora.xtec.cat\/ceipvistaalegre\/wp-json\/wp\/v2\/posts\/8251","targetHints":{"allow":["GET"]}}],"collection":[{"href":"https:\/\/agora.xtec.cat\/ceipvistaalegre\/wp-json\/wp\/v2\/posts"}],"about":[{"href":"https:\/\/agora.xtec.cat\/ceipvistaalegre\/wp-json\/wp\/v2\/types\/post"}],"author":[{"embeddable":true,"href":"https:\/\/agora.xtec.cat\/ceipvistaalegre\/wp-json\/wp\/v2\/users\/3"}],"replies":[{"embeddable":true,"href":"https:\/\/agora.xtec.cat\/ceipvistaalegre\/wp-json\/wp\/v2\/comments?post=8251"}],"version-history":[{"count":2,"href":"https:\/\/agora.xtec.cat\/ceipvistaalegre\/wp-json\/wp\/v2\/posts\/8251\/revisions"}],"predecessor-version":[{"id":8255,"href":"https:\/\/agora.xtec.cat\/ceipvistaalegre\/wp-json\/wp\/v2\/posts\/8251\/revisions\/8255"}],"wp:attachment":[{"href":"https:\/\/agora.xtec.cat\/ceipvistaalegre\/wp-json\/wp\/v2\/media?parent=8251"}],"wp:term":[{"taxonomy":"category","embeddable":true,"href":"https:\/\/agora.xtec.cat\/ceipvistaalegre\/wp-json\/wp\/v2\/categories?post=8251"},{"taxonomy":"post_tag","embeddable":true,"href":"https:\/\/agora.xtec.cat\/ceipvistaalegre\/wp-json\/wp\/v2\/tags?post=8251"}],"curies":[{"name":"wp","href":"https:\/\/api.w.org\/{rel}","templated":true}]}}