{"id":8234,"date":"2023-01-20T18:29:55","date_gmt":"2023-01-20T17:29:55","guid":{"rendered":"https:\/\/agora.xtec.cat\/ceipvistaalegre\/?p=8234"},"modified":"2023-01-20T18:29:55","modified_gmt":"2023-01-20T17:29:55","slug":"taller-diversitat-sexual-i-de-genere","status":"publish","type":"post","link":"https:\/\/agora.xtec.cat\/ceipvistaalegre\/primaria\/6e\/taller-diversitat-sexual-i-de-genere\/","title":{"rendered":"TALLER: DIVERSITAT SEXUAL I DE G\u00c8NERE"},"content":{"rendered":"<p>Avui els alumnes de sis\u00e8 han realitzat una xerrada i taller sobre la &#8220;diversitat sexual i de g\u00e8nere&#8221;. Aquest taller els ha d&#8217;ajudar a tenir un pensament cr\u00edtic i entendre que hi ha moltes realitats. Hi ha tres aspectes fonamentals a tenir en compte: ha de ser un espai segur per a tothom, no es pot faltar el respecte i hem d&#8217;escoltar als companys i companyes.<\/p>\n<p>S&#8217;ha fet dues din\u00e0miques: la primera es diu &#8220;la emperadriu&#8221; (preguntes que els nens i nenes havien de respondre el que pensaven) i l&#8217;altre &#8220;dibuixem com ens diuen que hem de ser&#8221; (rols, desitjos, gustos, creences de la societat, actituds&#8230;<\/p>\n<p>Ha estat molt interessant!!<\/p>\n<p><img loading=\"lazy\" decoding=\"async\" class=\"alignnone  wp-image-8235\" src=\"https:\/\/agora.xtec.cat\/ceipvistaalegre\/wp-content\/uploads\/usu1936\/2023\/01\/WhatsApp-Image-2023-01-20-at-18.25.41-1024x768.jpeg\" alt=\"\" width=\"239\" height=\"179\" srcset=\"https:\/\/agora.xtec.cat\/ceipvistaalegre\/wp-content\/uploads\/usu1936\/2023\/01\/WhatsApp-Image-2023-01-20-at-18.25.41-1024x768.jpeg 1024w, https:\/\/agora.xtec.cat\/ceipvistaalegre\/wp-content\/uploads\/usu1936\/2023\/01\/WhatsApp-Image-2023-01-20-at-18.25.41-300x225.jpeg 300w, https:\/\/agora.xtec.cat\/ceipvistaalegre\/wp-content\/uploads\/usu1936\/2023\/01\/WhatsApp-Image-2023-01-20-at-18.25.41-768x576.jpeg 768w, https:\/\/agora.xtec.cat\/ceipvistaalegre\/wp-content\/uploads\/usu1936\/2023\/01\/WhatsApp-Image-2023-01-20-at-18.25.41-1536x1152.jpeg 1536w, https:\/\/agora.xtec.cat\/ceipvistaalegre\/wp-content\/uploads\/usu1936\/2023\/01\/WhatsApp-Image-2023-01-20-at-18.25.41-200x150.jpeg 200w, https:\/\/agora.xtec.cat\/ceipvistaalegre\/wp-content\/uploads\/usu1936\/2023\/01\/WhatsApp-Image-2023-01-20-at-18.25.41.jpeg 2048w\" sizes=\"auto, (max-width: 239px) 100vw, 239px\" \/> <img loading=\"lazy\" decoding=\"async\" class=\"alignnone  wp-image-8236\" src=\"https:\/\/agora.xtec.cat\/ceipvistaalegre\/wp-content\/uploads\/usu1936\/2023\/01\/WhatsApp-Image-2023-01-20-at-18.25.17-1024x768.jpeg\" alt=\"\" width=\"236\" height=\"177\" srcset=\"https:\/\/agora.xtec.cat\/ceipvistaalegre\/wp-content\/uploads\/usu1936\/2023\/01\/WhatsApp-Image-2023-01-20-at-18.25.17-1024x768.jpeg 1024w, https:\/\/agora.xtec.cat\/ceipvistaalegre\/wp-content\/uploads\/usu1936\/2023\/01\/WhatsApp-Image-2023-01-20-at-18.25.17-300x225.jpeg 300w, https:\/\/agora.xtec.cat\/ceipvistaalegre\/wp-content\/uploads\/usu1936\/2023\/01\/WhatsApp-Image-2023-01-20-at-18.25.17-768x576.jpeg 768w, https:\/\/agora.xtec.cat\/ceipvistaalegre\/wp-content\/uploads\/usu1936\/2023\/01\/WhatsApp-Image-2023-01-20-at-18.25.17-1536x1152.jpeg 1536w, https:\/\/agora.xtec.cat\/ceipvistaalegre\/wp-content\/uploads\/usu1936\/2023\/01\/WhatsApp-Image-2023-01-20-at-18.25.17-200x150.jpeg 200w, https:\/\/agora.xtec.cat\/ceipvistaalegre\/wp-content\/uploads\/usu1936\/2023\/01\/WhatsApp-Image-2023-01-20-at-18.25.17.jpeg 2048w\" sizes=\"auto, (max-width: 236px) 100vw, 236px\" \/><\/p>\n<p>&nbsp;<\/p>\n","protected":false},"excerpt":{"rendered":"<p>Avui els alumnes de sis\u00e8 han realitzat una xerrada i taller sobre la &#8220;diversitat sexual i de g\u00e8nere&#8221;. Aquest taller els ha d&#8217;ajudar a tenir un pensament cr\u00edtic i entendre que hi ha moltes realitats. Hi ha tres aspectes fonamentals a tenir en compte: ha&hellip;  <a href=\"https:\/\/agora.xtec.cat\/ceipvistaalegre\/primaria\/6e\/taller-diversitat-sexual-i-de-genere\/\" title=\"Read TALLER: DIVERSITAT SEXUAL I DE G\u00c8NERE\">Llegeix m\u00e9s\u00bb<\/a><\/p>\n","protected":false},"author":18,"featured_media":0,"comment_status":"open","ping_status":"closed","sticky":false,"template":"","format":"standard","meta":{"_bbp_topic_count":0,"_bbp_reply_count":0,"_bbp_total_topic_count":0,"_bbp_total_reply_count":0,"_bbp_voice_count":0,"_bbp_anonymous_reply_count":0,"_bbp_topic_count_hidden":0,"_bbp_reply_count_hidden":0,"_bbp_forum_subforum_count":0,"footnotes":""},"categories":[15],"tags":[],"class_list":["post-8234","post","type-post","status-publish","format-standard","hentry","category-6e"],"post_mailing_queue_ids":[],"_links":{"self":[{"href":"https:\/\/agora.xtec.cat\/ceipvistaalegre\/wp-json\/wp\/v2\/posts\/8234","targetHints":{"allow":["GET"]}}],"collection":[{"href":"https:\/\/agora.xtec.cat\/ceipvistaalegre\/wp-json\/wp\/v2\/posts"}],"about":[{"href":"https:\/\/agora.xtec.cat\/ceipvistaalegre\/wp-json\/wp\/v2\/types\/post"}],"author":[{"embeddable":true,"href":"https:\/\/agora.xtec.cat\/ceipvistaalegre\/wp-json\/wp\/v2\/users\/18"}],"replies":[{"embeddable":true,"href":"https:\/\/agora.xtec.cat\/ceipvistaalegre\/wp-json\/wp\/v2\/comments?post=8234"}],"version-history":[{"count":1,"href":"https:\/\/agora.xtec.cat\/ceipvistaalegre\/wp-json\/wp\/v2\/posts\/8234\/revisions"}],"predecessor-version":[{"id":8237,"href":"https:\/\/agora.xtec.cat\/ceipvistaalegre\/wp-json\/wp\/v2\/posts\/8234\/revisions\/8237"}],"wp:attachment":[{"href":"https:\/\/agora.xtec.cat\/ceipvistaalegre\/wp-json\/wp\/v2\/media?parent=8234"}],"wp:term":[{"taxonomy":"category","embeddable":true,"href":"https:\/\/agora.xtec.cat\/ceipvistaalegre\/wp-json\/wp\/v2\/categories?post=8234"},{"taxonomy":"post_tag","embeddable":true,"href":"https:\/\/agora.xtec.cat\/ceipvistaalegre\/wp-json\/wp\/v2\/tags?post=8234"}],"curies":[{"name":"wp","href":"https:\/\/api.w.org\/{rel}","templated":true}]}}